{"id":27793,"date":"2014-05-03T12:01:37","date_gmt":"2014-05-03T15:01:37","guid":{"rendered":"http:\/\/aconteceunovale.com.br\/portal\/?p=27793"},"modified":"2014-05-03T16:17:14","modified_gmt":"2014-05-03T19:17:14","slug":"acidente-entre-onibus-da-gontijo-e-carreta-mata-tres-pessoas-no-leste-de-minas","status":"publish","type":"post","link":"https:\/\/aconteceunovale.com.br\/portal\/?p=27793","title":{"rendered":"Acidente entre \u00f4nibus da Gontijo e carreta mata tr\u00eas pessoas no Leste de Minas"},"content":{"rendered":"<p>Tr\u00eas pessoas morreram e v\u00e1rias ficaram feridas em uma colis\u00e3o frontal entre uma carreta e um \u00f4nibus na madrugada deste s\u00e1bado, 03 de maio, na BR-381, em Santana do Para\u00edso, na regi\u00e3o do Vale do Rio Doce. A batida aconteceu na altura do KM 227 e vitimou dois passageiros do \u00f4nibus da empresa Gontijo e um homem que estava de carona na carreta, onde viajava tr\u00eas pessoas.<\/p>\n<p>De acordo com um policial da Pol\u00edcia Rodovi\u00e1ria Federal, a princ\u00edpio o que se pode afirmar \u00e9 que a carreta atingiu a contra m\u00e3o onde transitava o \u00f4nibus. O que levou essa carreta a invadir a contra m\u00e3o ter\u00e1 que ser investigado. Ainda de acordo com a PRF, o local onde aconteceu o acidente acontece muita cerra\u00e7\u00e3o, o que atrapalha a visibilidade dos motoristas.<\/p>\n<p>Nenhuma das v\u00edtimas fatais foi identificada porque n\u00e3o foram localizados seus documentos documentos no momento do atendimento. Todos os feridos foram socorridos e encaminhados para a Unidade de Pronto Atendimento de Ipatinga e para o Hospital S\u00e3o Camilo em Coronel Fabriciano por bombeiros e por equipes do Servi\u00e7o de Atendimento M\u00f3vel de Urg\u00eancia (SAMU).<\/p>\n<p>Entre os feridos, est\u00e1 a gerente de departamento financeiro, Karina Martins, de 25 anos, natural de Capelinha\/MG. Ela contou que assim como ela, outras pessoas pegaram o \u00f4nibus para desembarcar em Belo Horizonte. Karina disse que viajava na cadeira de n\u00famero 33, do lado do motorista. \u201cO SAMU chegou rapidinho. Infelizmente dois homens que viajavam logo atr\u00e1s do motorista morreram no local. Um passageiro da carreta tamb\u00e9m morreu\u201d, conta a passageira.<\/p>\n<p>O \u00f4nibus estaria seguindo viagem de Fortaleza\/CE para S\u00e3o Paulo\/SP.  A carreta tombou na pista e destro\u00e7os dos ve\u00edculos, cargas e bagagens ficaram espalhadas na rodovia.<\/p>\n<p><strong>GALERIA DE FOTOS:<\/strong><br \/>\n<em>(Fotos: Wellington Fred\/Di\u00e1rio do A\u00e7o)<\/em><\/p>\n<p><img decoding=\"async\" src=\"http:\/\/aconteceunovale.com.br\/portal\/wp-content\/uploads\/2014\/05\/acidente_santana_do_paraiso_03_05_7.jpg\" alt=\"\" \/><br \/>\n<div id='gallery-1' class='gallery galleryid-27793 gallery-columns-4 gallery-size-thumbnail'><figure class='gallery-item'>\n\t\t\t<div class='gallery-icon landscape'>\n\t\t\t\t<a href='https:\/\/aconteceunovale.com.br\/portal\/wp-content\/uploads\/2014\/05\/acidente_santana_do_paraiso_03_05_9.jpg'><img loading=\"lazy\" decoding=\"async\" width=\"150\" height=\"150\" src=\"https:\/\/aconteceunovale.com.br\/portal\/wp-content\/uploads\/2014\/05\/acidente_santana_do_paraiso_03_05_9-150x150.jpg\" class=\"attachment-thumbnail size-thumbnail\" alt=\"\" \/><\/a>\n\t\t\t<\/div><\/figure><figure class='gallery-item'>\n\t\t\t<div class='gallery-icon landscape'>\n\t\t\t\t<a href='https:\/\/aconteceunovale.com.br\/portal\/wp-content\/uploads\/2014\/05\/acidente_santana_do_paraiso_03_05_8.jpg'><img loading=\"lazy\" decoding=\"async\" width=\"150\" height=\"150\" src=\"https:\/\/aconteceunovale.com.br\/portal\/wp-content\/uploads\/2014\/05\/acidente_santana_do_paraiso_03_05_8-150x150.jpg\" class=\"attachment-thumbnail size-thumbnail\" alt=\"\" \/><\/a>\n\t\t\t<\/div><\/figure><figure class='gallery-item'>\n\t\t\t<div class='gallery-icon landscape'>\n\t\t\t\t<a href='https:\/\/aconteceunovale.com.br\/portal\/wp-content\/uploads\/2014\/05\/acidente_santana_do_paraiso_03_05_6.jpg'><img loading=\"lazy\" decoding=\"async\" width=\"150\" height=\"150\" src=\"https:\/\/aconteceunovale.com.br\/portal\/wp-content\/uploads\/2014\/05\/acidente_santana_do_paraiso_03_05_6-150x150.jpg\" class=\"attachment-thumbnail size-thumbnail\" alt=\"\" \/><\/a>\n\t\t\t<\/div><\/figure><figure class='gallery-item'>\n\t\t\t<div class='gallery-icon landscape'>\n\t\t\t\t<a href='https:\/\/aconteceunovale.com.br\/portal\/wp-content\/uploads\/2014\/05\/acidente_santana_do_paraiso_03_05_5.jpg'><img loading=\"lazy\" decoding=\"async\" width=\"150\" height=\"150\" src=\"https:\/\/aconteceunovale.com.br\/portal\/wp-content\/uploads\/2014\/05\/acidente_santana_do_paraiso_03_05_5-150x150.jpg\" class=\"attachment-thumbnail size-thumbnail\" alt=\"\" \/><\/a>\n\t\t\t<\/div><\/figure><figure class='gallery-item'>\n\t\t\t<div class='gallery-icon landscape'>\n\t\t\t\t<a href='https:\/\/aconteceunovale.com.br\/portal\/wp-content\/uploads\/2014\/05\/acidente_santana_do_paraiso_03_05_4.jpg'><img loading=\"lazy\" decoding=\"async\" width=\"150\" height=\"150\" src=\"https:\/\/aconteceunovale.com.br\/portal\/wp-content\/uploads\/2014\/05\/acidente_santana_do_paraiso_03_05_4-150x150.jpg\" class=\"attachment-thumbnail size-thumbnail\" alt=\"\" \/><\/a>\n\t\t\t<\/div><\/figure><figure class='gallery-item'>\n\t\t\t<div class='gallery-icon landscape'>\n\t\t\t\t<a href='https:\/\/aconteceunovale.com.br\/portal\/wp-content\/uploads\/2014\/05\/acidente_santana_do_paraiso_03_05_3.jpg'><img loading=\"lazy\" decoding=\"async\" width=\"150\" height=\"150\" src=\"https:\/\/aconteceunovale.com.br\/portal\/wp-content\/uploads\/2014\/05\/acidente_santana_do_paraiso_03_05_3-150x150.jpg\" class=\"attachment-thumbnail size-thumbnail\" alt=\"\" \/><\/a>\n\t\t\t<\/div><\/figure><figure class='gallery-item'>\n\t\t\t<div class='gallery-icon landscape'>\n\t\t\t\t<a href='https:\/\/aconteceunovale.com.br\/portal\/wp-content\/uploads\/2014\/05\/acidente_santana_do_paraiso_03_05_2.jpg'><img loading=\"lazy\" decoding=\"async\" width=\"150\" height=\"150\" src=\"https:\/\/aconteceunovale.com.br\/portal\/wp-content\/uploads\/2014\/05\/acidente_santana_do_paraiso_03_05_2-150x150.jpg\" class=\"attachment-thumbnail size-thumbnail\" alt=\"\" \/><\/a>\n\t\t\t<\/div><\/figure><figure class='gallery-item'>\n\t\t\t<div class='gallery-icon landscape'>\n\t\t\t\t<a href='https:\/\/aconteceunovale.com.br\/portal\/wp-content\/uploads\/2014\/05\/acidente_santana_do_paraiso_03_05_1.jpg'><img loading=\"lazy\" decoding=\"async\" width=\"150\" height=\"150\" src=\"https:\/\/aconteceunovale.com.br\/portal\/wp-content\/uploads\/2014\/05\/acidente_santana_do_paraiso_03_05_1-150x150.jpg\" class=\"attachment-thumbnail size-thumbnail\" alt=\"\" \/><\/a>\n\t\t\t<\/div><\/figure>\n\t\t<\/div>\n<\/p>\n","protected":false},"excerpt":{"rendered":"<p>Tr\u00eas pessoas morreram e v\u00e1rias ficaram feridas em uma colis\u00e3o frontal entre uma carreta e um \u00f4nibus na madrugada deste s\u00e1bado, 03 de maio, na BR-381, em Santana do Para\u00edso, na regi\u00e3o do Vale do Rio Doce. A batida aconteceu na altura do KM 227 e vitimou dois passageiros do \u00f4nibus da empresa Gontijo e [&hellip;]<\/p>\n","protected":false},"author":1,"featured_media":27816,"comment_status":"open","ping_status":"closed","sticky":false,"template":"","format":"standard","meta":{"amp_status":"","footnotes":""},"categories":[121],"tags":[7167,7166,7168,7165,1018,7174,7173,2101],"class_list":["post-27793","post","type-post","status-publish","format-standard","has-post-thumbnail","hentry","category-leste","tag-acidente-com-onibus-da-gontijo-em-santana-do-paraiso","tag-acidente-com-onibus-da-gontijo-na-br-381","tag-acidente-com-onibus-da-gontijo-no-leste-de-minas","tag-acidente-entre-onibus-da-gontijo-e-carreta-mata-tres-pessoas-no-leste-de-minas","tag-destaque","tag-fotos-acidente-com-onibus-da-gontijo-em-santana-do-paraiso","tag-fotos-acidente-com-onibus-da-gontijo-na-br-381","tag-santana-do-paraiso"],"_links":{"self":[{"href":"https:\/\/aconteceunovale.com.br\/portal\/index.php?rest_route=\/wp\/v2\/posts\/27793","targetHints":{"allow":["GET"]}}],"collection":[{"href":"https:\/\/aconteceunovale.com.br\/portal\/index.php?rest_route=\/wp\/v2\/posts"}],"about":[{"href":"https:\/\/aconteceunovale.com.br\/portal\/index.php?rest_route=\/wp\/v2\/types\/post"}],"author":[{"embeddable":true,"href":"https:\/\/aconteceunovale.com.br\/portal\/index.php?rest_route=\/wp\/v2\/users\/1"}],"replies":[{"embeddable":true,"href":"https:\/\/aconteceunovale.com.br\/portal\/index.php?rest_route=%2Fwp%2Fv2%2Fcomments&post=27793"}],"version-history":[{"count":0,"href":"https:\/\/aconteceunovale.com.br\/portal\/index.php?rest_route=\/wp\/v2\/posts\/27793\/revisions"}],"wp:featuredmedia":[{"embeddable":true,"href":"https:\/\/aconteceunovale.com.br\/portal\/index.php?rest_route=\/wp\/v2\/media\/27816"}],"wp:attachment":[{"href":"https:\/\/aconteceunovale.com.br\/portal\/index.php?rest_route=%2Fwp%2Fv2%2Fmedia&parent=27793"}],"wp:term":[{"taxonomy":"category","embeddable":true,"href":"https:\/\/aconteceunovale.com.br\/portal\/index.php?rest_route=%2Fwp%2Fv2%2Fcategories&post=27793"},{"taxonomy":"post_tag","embeddable":true,"href":"https:\/\/aconteceunovale.com.br\/portal\/index.php?rest_route=%2Fwp%2Fv2%2Ftags&post=27793"}],"curies":[{"name":"wp","href":"https:\/\/api.w.org\/{rel}","templated":true}]}}