{"id":27755,"date":"2014-05-02T19:57:29","date_gmt":"2014-05-02T22:57:29","guid":{"rendered":"http:\/\/aconteceunovale.com.br\/portal\/?p=27755"},"modified":"2014-05-02T19:57:48","modified_gmt":"2014-05-02T22:57:48","slug":"primeiro-assassinato-do-mes-de-maio-e-registrado-em-governador-valadares","status":"publish","type":"post","link":"https:\/\/aconteceunovale.com.br\/portal\/?p=27755","title":{"rendered":"Primeiro assassinato do m\u00eas de maio \u00e9 registrado em Governador Valadares"},"content":{"rendered":"<h4><strong>Com este caso, subiu para 55 o n\u00famero de homic\u00eddios na cidade este ano. Crime aconteceu na rua Monte Branco, na Vila dos Montes.<\/strong><\/h4>\n<p>Um homem de 32 anos foi assassinado na noite desta quinta-feira (1), em Governador Valadares, no Leste de Minas Gerais. O crime aconteceu na rua Monte Branco, na Vila dos Montes.<\/p>\n<p>De acordo com informa\u00e7\u00f5es da Pol\u00edcia Militar, o homem foi socorrido e levado ao Hospital Municipal de Governador Valadares, mas n\u00e3o resistiu aos ferimentos.<\/p>\n<p>O corpo foi encaminhado para o Instituto M\u00e9dico Legal de Governador Valadares e liberado no in\u00edcio da tarde desta sexta-feira (2). O suspeito do crime e a motiva\u00e7\u00e3o do mesmo ainda n\u00e3o foi localizado.<\/p>\n<p>Segundo registros da policia, com este caso, subiu para 55 o n\u00famero de homic\u00eddios na cidade somente em 2014.<\/p>\n<h4><strong>Assassinatos subiram 38,4% na cidade em compara\u00e7\u00e3o com o mesmo per\u00edodo de 2013<\/strong><\/h4>\n<p>Em m\u00e9dia, quase 14 assassinatos s\u00e3o registrados em Valadares a cada m\u00eas. O n\u00famero alarmante coloca em evid\u00eancia a onda de viol\u00eancia que assola a cidade. Desde 2006, quando foram registrados 64 homic\u00eddios no 1\u00ba quadrimestre, n\u00e3o se registrava uma m\u00e9dia t\u00e3o alta. Faltando dois meses para a metade do ano, Valadares j\u00e1 registrou quase metade do n\u00famero de mortes de todo o ano de 2013 quando 116 assassinatos foram contabilizados.<\/p>\n<p>\u201c\u00c9 preciso fazer uma an\u00e1lise conjunta; o que est\u00e1 gerando esse n\u00famero? H\u00e1 outros crimes conexos a esses crimes de homic\u00eddios? N\u00e3o foram apenas os homic\u00eddios que tiveram os n\u00fameros majorados, v\u00e1rios outros crimes tamb\u00e9m t\u00eam migrado para alguns bairros da nossa cidade. Ent\u00e3o, dentro deste contexto a divis\u00e3o de homic\u00eddios da Pol\u00edcia Civil tem feito uma intensifica\u00e7\u00e3o em rela\u00e7\u00e3o aos alvos desses bairros com o apoio da Pol\u00edcia Militar\u201d, diz o delegado da divis\u00e3o de homic\u00eddios em Valadares, Felipe Assis.<\/p>\n<p>Os 54 homic\u00eddios registrados no 1\u00ba quadrimestre deste ano em Governador Valadares aponta um aumento de 38,4% no n\u00famero de crimes contabilizados no ano passado. Este \u00edndice faz de 2014 o ano mais violento desde 2006 at\u00e9 o momento.<\/p>\n<p>A Pol\u00edcia Civil tem representado por pris\u00f5es, conclu\u00eddo investiga\u00e7\u00f5es e remetendo ao judici\u00e1rio. \u00c9 preciso que o judici\u00e1rio se mantenha sensibilizado, assim como j\u00e1 tem se demonstrado na nossa regi\u00e3o, porque esta \u00e9 uma resposta para a sociedade de uma forma geral\u201d, diz o delegado Felipe Assis.<\/p>\n<p><strong>(Fonte: G1 dos Vales)<\/strong><\/p>\n","protected":false},"excerpt":{"rendered":"<p>Com este caso, subiu para 55 o n\u00famero de homic\u00eddios na cidade este ano. Crime aconteceu na rua Monte Branco, na Vila dos Montes. Um homem de 32 anos foi assassinado na noite desta quinta-feira (1), em Governador Valadares, no Leste de Minas Gerais. O crime aconteceu na rua Monte Branco, na Vila dos Montes. [&hellip;]<\/p>\n","protected":false},"author":1,"featured_media":27172,"comment_status":"open","ping_status":"closed","sticky":false,"template":"","format":"standard","meta":{"amp_status":"","footnotes":""},"categories":[121],"tags":[247,7136,7135],"class_list":["post-27755","post","type-post","status-publish","format-standard","has-post-thumbnail","hentry","category-leste","tag-governador-valadares","tag-numero-de-homicidios-em-governador-valadares","tag-primeiro-assassinato-do-mes-de-maio-e-registrado-em-governador-valadares"],"_links":{"self":[{"href":"https:\/\/aconteceunovale.com.br\/portal\/index.php?rest_route=\/wp\/v2\/posts\/27755","targetHints":{"allow":["GET"]}}],"collection":[{"href":"https:\/\/aconteceunovale.com.br\/portal\/index.php?rest_route=\/wp\/v2\/posts"}],"about":[{"href":"https:\/\/aconteceunovale.com.br\/portal\/index.php?rest_route=\/wp\/v2\/types\/post"}],"author":[{"embeddable":true,"href":"https:\/\/aconteceunovale.com.br\/portal\/index.php?rest_route=\/wp\/v2\/users\/1"}],"replies":[{"embeddable":true,"href":"https:\/\/aconteceunovale.com.br\/portal\/index.php?rest_route=%2Fwp%2Fv2%2Fcomments&post=27755"}],"version-history":[{"count":0,"href":"https:\/\/aconteceunovale.com.br\/portal\/index.php?rest_route=\/wp\/v2\/posts\/27755\/revisions"}],"wp:featuredmedia":[{"embeddable":true,"href":"https:\/\/aconteceunovale.com.br\/portal\/index.php?rest_route=\/wp\/v2\/media\/27172"}],"wp:attachment":[{"href":"https:\/\/aconteceunovale.com.br\/portal\/index.php?rest_route=%2Fwp%2Fv2%2Fmedia&parent=27755"}],"wp:term":[{"taxonomy":"category","embeddable":true,"href":"https:\/\/aconteceunovale.com.br\/portal\/index.php?rest_route=%2Fwp%2Fv2%2Fcategories&post=27755"},{"taxonomy":"post_tag","embeddable":true,"href":"https:\/\/aconteceunovale.com.br\/portal\/index.php?rest_route=%2Fwp%2Fv2%2Ftags&post=27755"}],"curies":[{"name":"wp","href":"https:\/\/api.w.org\/{rel}","templated":true}]}}