{"id":27649,"date":"2014-04-30T18:32:01","date_gmt":"2014-04-30T21:32:01","guid":{"rendered":"http:\/\/aconteceunovale.com.br\/portal\/?p=27649"},"modified":"2014-04-30T18:32:17","modified_gmt":"2014-04-30T21:32:17","slug":"justica-reverte-cassacao-de-prefeito-de-barao-de-cocais","status":"publish","type":"post","link":"https:\/\/aconteceunovale.com.br\/portal\/?p=27649","title":{"rendered":"Justi\u00e7a reverte cassa\u00e7\u00e3o do prefeito de Bar\u00e3o de Cocais"},"content":{"rendered":"<p>Uma decis\u00e3o do Tribunal Regional Eleitoral (TRE) reverteu a cassa\u00e7\u00e3o do prefeito e vice de Bar\u00e3o de Cocais, na regi\u00e3o Central de Minas. Armando Verdolin Brand\u00e3o (PSDB) e Ant\u00f4nio Francisco Marques (PT) foram cassados por abuso de poder econ\u00f4mico e pol\u00edtico, capta\u00e7\u00e3o il\u00edcita de sufr\u00e1gio e conduta vedada. Os ju\u00edzes analisaram dois recursos do munic\u00edpio e a corte entendeu que, em raz\u00e3o da fragilidade das provas, n\u00e3o ficou configurado abuso de poder econ\u00f4mico e pol\u00edtico.<\/p>\n<p>Segundo a\u00e7\u00e3o do Minist\u00e9rio P\u00fablico Eleitoral (MPE), o ex-prefeito Geraldo Abade (PTB) teria cometido v\u00e1rias irregularidades em benef\u00edcio da candidatura de Armando Brand\u00e3o, entre elas a transfer\u00eancia de servidores p\u00fablicos municipais para outras localidades como forma de persegui\u00e7\u00e3o pol\u00edtica, contrata\u00e7\u00f5es e demiss\u00f5es de funcion\u00e1rios em per\u00edodo vedado, aumento na distribui\u00e7\u00e3o de cestas b\u00e1sicas, materiais de constru\u00e7\u00e3o e blocos de cal\u00e7amento e realiza\u00e7\u00e3o de melhorias em estradas particulares no per\u00edodo eleitoral.<\/p>\n<p>De acordo com a decis\u00e3o, em rela\u00e7\u00e3o \u00e0s contrata\u00e7\u00f5es, os ju\u00edzes admitiram a irregularidade, mas entenderam que n\u00e3o seria o caso de cassa\u00e7\u00e3o. Segundo o juiz Virg\u00edlio Barreto, \u00e9 \u201ccerto que ocorreram contrata\u00e7\u00f5es de servidores em per\u00edodo vedado, todavia foram realizadas para as \u00e1reas da sa\u00fade e educa\u00e7\u00e3o\u201d. &#8220;Inexistem provas que demonstrem que os recorrentes teriam se beneficiado dos atos administrativos de remo\u00e7\u00e3o e contrata\u00e7\u00e3o de profissionais para a presta\u00e7\u00e3o de servi\u00e7os p\u00fablicos essenciais\u201d. <\/p>\n<p>J\u00e1 em rela\u00e7\u00e3o a Geraldo Abade, a Corte manteve a decis\u00e3o de primeira inst\u00e2ncia que previa uma multa de R$ 21.282 ao ex-prefeito pela remo\u00e7\u00e3o indevida de servidor p\u00fablico.<\/p>\n<h4><strong>Outros processo<\/strong><\/h4>\n<p>Ainda na sess\u00e3o de ter\u00e7a-feira (29), o TRE julgou improcedentes outros duas a\u00e7\u00f5es ajuizadas pela Coliga\u00e7\u00e3o \u201cBar\u00e3o Pode Mais\u201d e pelo segundo colocado nas elei\u00e7\u00f5es de 2012, Vin\u00edcius El\u00f3i Almeida Torres (PMDB), contra o prefeito e o vice eleitos no munic\u00edpio de Bar\u00e3o de Cocais. Nos processos, os autores alegam abuso de poder pol\u00edtico, compra de votos, distribui\u00e7\u00e3o gratuita bens pela administra\u00e7\u00e3o p\u00fablica, conduta vedada a agente p\u00fablico, extin\u00e7\u00e3o de processo sem resolu\u00e7\u00e3o do m\u00e9rito, entre outros itens.<\/p>\n","protected":false},"excerpt":{"rendered":"<p>Uma decis\u00e3o do Tribunal Regional Eleitoral (TRE) reverteu a cassa\u00e7\u00e3o do prefeito e vice de Bar\u00e3o de Cocais, na regi\u00e3o Central de Minas. Armando Verdolin Brand\u00e3o (PSDB) e Ant\u00f4nio Francisco Marques (PT) foram cassados por abuso de poder econ\u00f4mico e pol\u00edtico, capta\u00e7\u00e3o il\u00edcita de sufr\u00e1gio e conduta vedada. Os ju\u00edzes analisaram dois recursos do munic\u00edpio [&hellip;]<\/p>\n","protected":false},"author":1,"featured_media":27650,"comment_status":"open","ping_status":"closed","sticky":false,"template":"","format":"standard","meta":{"amp_status":"","footnotes":""},"categories":[123],"tags":[1525,7100,7101],"class_list":["post-27649","post","type-post","status-publish","format-standard","has-post-thumbnail","hentry","category-gerais","tag-barao-de-cocais","tag-justica-reverte-cassacao-de-prefeito-de-barao-de-cocais","tag-justica-reverte-cassacao-do-prefeito-de-barao-de-cocais"],"_links":{"self":[{"href":"https:\/\/aconteceunovale.com.br\/portal\/index.php?rest_route=\/wp\/v2\/posts\/27649","targetHints":{"allow":["GET"]}}],"collection":[{"href":"https:\/\/aconteceunovale.com.br\/portal\/index.php?rest_route=\/wp\/v2\/posts"}],"about":[{"href":"https:\/\/aconteceunovale.com.br\/portal\/index.php?rest_route=\/wp\/v2\/types\/post"}],"author":[{"embeddable":true,"href":"https:\/\/aconteceunovale.com.br\/portal\/index.php?rest_route=\/wp\/v2\/users\/1"}],"replies":[{"embeddable":true,"href":"https:\/\/aconteceunovale.com.br\/portal\/index.php?rest_route=%2Fwp%2Fv2%2Fcomments&post=27649"}],"version-history":[{"count":0,"href":"https:\/\/aconteceunovale.com.br\/portal\/index.php?rest_route=\/wp\/v2\/posts\/27649\/revisions"}],"wp:featuredmedia":[{"embeddable":true,"href":"https:\/\/aconteceunovale.com.br\/portal\/index.php?rest_route=\/wp\/v2\/media\/27650"}],"wp:attachment":[{"href":"https:\/\/aconteceunovale.com.br\/portal\/index.php?rest_route=%2Fwp%2Fv2%2Fmedia&parent=27649"}],"wp:term":[{"taxonomy":"category","embeddable":true,"href":"https:\/\/aconteceunovale.com.br\/portal\/index.php?rest_route=%2Fwp%2Fv2%2Fcategories&post=27649"},{"taxonomy":"post_tag","embeddable":true,"href":"https:\/\/aconteceunovale.com.br\/portal\/index.php?rest_route=%2Fwp%2Fv2%2Ftags&post=27649"}],"curies":[{"name":"wp","href":"https:\/\/api.w.org\/{rel}","templated":true}]}}