{"id":27641,"date":"2014-04-30T18:05:44","date_gmt":"2014-04-30T21:05:44","guid":{"rendered":"http:\/\/aconteceunovale.com.br\/portal\/?p=27641"},"modified":"2014-04-30T18:05:44","modified_gmt":"2014-04-30T21:05:44","slug":"comerciantes-do-bairro-major-prates-em-montes-claros-protestam-contra-a-falta-de-seguranca","status":"publish","type":"post","link":"https:\/\/aconteceunovale.com.br\/portal\/?p=27641","title":{"rendered":"Comerciantes do Bairro Major Prates em Montes Claros protestam contra a falta de seguran\u00e7a"},"content":{"rendered":"<h4><strong>Com\u00e9rcio da regi\u00e3o ficou com as portas fechadas por mais de uma hora. &#8216;Olho Vivo&#8217; e Rede de Com\u00e9rcio Protegidos devem ser instalados.<\/strong><\/h4>\n<p>Os comerciantes do Bairro Major Prates, na zona sul de Montes Claros (MG), fecharam as portas por uma hora nesa quinta-feira (30) e foram para as ruas protestar.  O motivo da paralisa\u00e7\u00e3o \u00e9 alto n\u00famero de roubos que est\u00e3o acontecendo no local. 25 policiais militares acompanharam a manifesta\u00e7\u00e3o.<\/p>\n<p><img decoding=\"async\" src=\"http:\/\/aconteceunovale.com.br\/portal\/wp-content\/uploads\/2014\/04\/protesto_comerciantes_moc_30_04.jpg\" alt=\"\" \/><em>Paralisa\u00e7\u00e3o durou pouco mais de uma hora (Foto: Michelly Oda \/ G1)<\/em><br \/>\n<\/br><\/p>\n<p>O presidente da Associa\u00e7\u00e3o Comercial dos Empreendedores da Zona Sul, Jos\u00e9 Leite, diz que, somente no bairro, h\u00e1 cerca de 460 comerciantes, e em toda  regi\u00e3o que abrange os bairros vizinhos, o n\u00famero de estabelecimentos comerciais chega a tr\u00eas mil.<\/p>\n<p>&#8220;Estamos fazendo a paralisa\u00e7\u00e3o para chamar aten\u00e7\u00e3o das autoridades quanto o grande n\u00famero de assaltos, alguns inclusive, de forma violenta. Temos um com\u00e9rcio  que ficou fechado ap\u00f3s ser roubado por mais de uma vez na mesma semana, uma das funcion\u00e1rias ficou em estado de choque, depois dos crimes.&#8221;<\/p>\n<p>Para Severino Batista, que est\u00e1 h\u00e1 20 anos mora no Major Prates, os comerciantes est\u00e3o se tornando ref\u00e9ns da viol\u00eancia.<\/p>\n<p>&#8220;Antigamente fic\u00e1vamos com as lojas abertas at\u00e9 as 21h, hoje, temos que fechar \u00e0s 18h. O expediente do s\u00e1bado tamb\u00e9m foi encurtado, tudo isso por conta da medo.&#8221;<\/p>\n<p>Apesar de nunca ter sido assaltado, durante os 10 anos que est\u00e1 no bairro, Geraldo Pereira conta que as lojas vizinhas todas j\u00e1 foram alvo de criminosos.<\/p>\n<p>&#8220;Precisamos de um policiamento refor\u00e7ado na \u00e1rea central do Major Prates, com as c\u00e2meras do Olho Vivo e as viaturas circulando com maior frequ\u00eancia. A \u00fanica solu\u00e7\u00e3o \u00e9 termos f\u00e9, porque a atua\u00e7\u00e3o do poder p\u00fablico est\u00e1 deixando a desejar.&#8221;<\/p>\n<p>Geraldo Pereira tamb\u00e9m diz que as estat\u00edsticas n\u00e3o representam fielmente a realidade, j\u00e1 que muitos comerciantes n\u00e3o registram os boletins de ocorr\u00eancia. Ainda segundo ele, em alguns casos, embora haja um posto policial no local, as viaturas demoram at\u00e9 uma hora para chegar.<\/p>\n<p>Elinez Medeiros supervisiona os funcion\u00e1rios que trabalham nos caixas de um supermercado. 20 funcion\u00e1rios t\u00eam essa fun\u00e7\u00e3o no estabelecimento. &#8220;Como eles lidam diretamente com o dinheiro, ficam muito apreensivos, j\u00e1 que est\u00e3o expostos a viol\u00eancia&#8221;.<\/p>\n<p>Ainda de acordo com Elinez Medeiros, o medo dos funcion\u00e1rios aumentou ainda mais depois que uma operadora de caixa foi morta durante um assalto em Pirapora (MG).<\/p>\n<p>&#8220;Os propriet\u00e1rios do supermercado fazem todos os investimentos poss\u00edveis para garantir a seguran\u00e7a, mas isso n\u00e3o nos livra dos criminosos. Eles est\u00e3o soltos, agem da mesma maneira, chegam armados e de moto, at\u00e9 parece que os assaltos s\u00e3o cometidos pelas mesmas pessoas.&#8221;<\/p>\n<h4><strong>O que diz a Pol\u00edcia Militar<\/strong><\/h4>\n<p>Dados da Pol\u00edcia Militar apontam que no primeiro quadrimestre de 2013, foram registrados 12 roubos, no mesmo per\u00edodo deste ano, j\u00e1 s\u00e3o 14. &#8220;Houve um pequeno acr\u00e9scimo no n\u00famero de assaltos, mas houve aumento do numero de comerciantes e da popula\u00e7\u00e3o em torno do bairro&#8221;, fala o tenente coronel Nivaldo Ferreira. <\/p>\n<p>O tenente tamb\u00e9m diz que a regi\u00e3o tem o segundo com\u00e9rcio mais ativo da cidade, por isso est\u00e1 prevista a instala\u00e7\u00e3o de 16 c\u00e2meras de monitoramento do &#8220;Olho Vivo&#8221; e tamb\u00e9m o in\u00edcio da Rede de Com\u00e9rcio Protegidos. Ambos os projetos est\u00e3o presentes somente na regi\u00e3o central da cidade. A expectativa \u00e9 de que eles sejam implantados no bairro em breve.<\/p>\n<p>Al\u00e9m disso, para coibir a a\u00e7\u00e3o dos criminosos, a pol\u00edcia diz que faz patrulhamento constante no bairro e opera\u00e7\u00f5es de preven\u00e7\u00e3o e repress\u00e3o. <\/p>\n<p>&#8220;A manifesta\u00e7\u00e3o \u00e9 leg\u00edtima e faz parte da democracia. Uma das formas de melhorar a seguran\u00e7a \u00e9 por meio desse tipo de iniciativa, j\u00e1 que as pessoas buscam juntas uma maior participa\u00e7\u00e3o e integra\u00e7\u00e3o com os \u00f3rg\u00e3os de seguran\u00e7a p\u00fablica&#8221;, destaca o tenente. (G1)<\/p>\n","protected":false},"excerpt":{"rendered":"<p>Com\u00e9rcio da regi\u00e3o ficou com as portas fechadas por mais de uma hora. &#8216;Olho Vivo&#8217; e Rede de Com\u00e9rcio Protegidos devem ser instalados. Os comerciantes do Bairro Major Prates, na zona sul de Montes Claros (MG), fecharam as portas por uma hora nesa quinta-feira (30) e foram para as ruas protestar. O motivo da paralisa\u00e7\u00e3o [&hellip;]<\/p>\n","protected":false},"author":1,"featured_media":27642,"comment_status":"open","ping_status":"closed","sticky":false,"template":"","format":"standard","meta":{"amp_status":"","footnotes":""},"categories":[1236],"tags":[7095,7094,210],"class_list":["post-27641","post","type-post","status-publish","format-standard","has-post-thumbnail","hentry","category-norte_de_minas","tag-bairro-major-prates-em-montes-claros","tag-comerciantes-do-bairro-major-prates-em-montes-claros-protestam-contra-a-falta-de-seguranca","tag-montes-claros"],"_links":{"self":[{"href":"https:\/\/aconteceunovale.com.br\/portal\/index.php?rest_route=\/wp\/v2\/posts\/27641","targetHints":{"allow":["GET"]}}],"collection":[{"href":"https:\/\/aconteceunovale.com.br\/portal\/index.php?rest_route=\/wp\/v2\/posts"}],"about":[{"href":"https:\/\/aconteceunovale.com.br\/portal\/index.php?rest_route=\/wp\/v2\/types\/post"}],"author":[{"embeddable":true,"href":"https:\/\/aconteceunovale.com.br\/portal\/index.php?rest_route=\/wp\/v2\/users\/1"}],"replies":[{"embeddable":true,"href":"https:\/\/aconteceunovale.com.br\/portal\/index.php?rest_route=%2Fwp%2Fv2%2Fcomments&post=27641"}],"version-history":[{"count":0,"href":"https:\/\/aconteceunovale.com.br\/portal\/index.php?rest_route=\/wp\/v2\/posts\/27641\/revisions"}],"wp:featuredmedia":[{"embeddable":true,"href":"https:\/\/aconteceunovale.com.br\/portal\/index.php?rest_route=\/wp\/v2\/media\/27642"}],"wp:attachment":[{"href":"https:\/\/aconteceunovale.com.br\/portal\/index.php?rest_route=%2Fwp%2Fv2%2Fmedia&parent=27641"}],"wp:term":[{"taxonomy":"category","embeddable":true,"href":"https:\/\/aconteceunovale.com.br\/portal\/index.php?rest_route=%2Fwp%2Fv2%2Fcategories&post=27641"},{"taxonomy":"post_tag","embeddable":true,"href":"https:\/\/aconteceunovale.com.br\/portal\/index.php?rest_route=%2Fwp%2Fv2%2Ftags&post=27641"}],"curies":[{"name":"wp","href":"https:\/\/api.w.org\/{rel}","templated":true}]}}