{"id":27612,"date":"2014-04-30T12:39:04","date_gmt":"2014-04-30T15:39:04","guid":{"rendered":"http:\/\/aconteceunovale.com.br\/portal\/?p=27612"},"modified":"2014-04-30T13:10:07","modified_gmt":"2014-04-30T16:10:07","slug":"prefeitura-de-capelinha-e-empresario-esclarecem-sobre-duplicidade-de-show-do-cantor-cristiano-araujo","status":"publish","type":"post","link":"https:\/\/aconteceunovale.com.br\/portal\/?p=27612","title":{"rendered":"Prefeitura de Capelinha e Empres\u00e1rio esclarecem sobre duplicidade de show do Cantor Cristiano Ara\u00fajo"},"content":{"rendered":"<p><em><strong>Por Vicente Alves \/ Portal Aconteceu no Vale<\/strong><\/em><\/p>\n<p>Na data de ontem, 29 de abril, publicamos no Portal Aconteceu no Vale sobre a duplicidade de agenda do artista Cristiano Ara\u00fajo, contratado para a Festa do Capelinhense Ausente 2014. <\/p>\n<p>At\u00e9 a publica\u00e7\u00e3o do artigo <a href=\"http:\/\/aconteceunovale.com.br\/portal\/?p=27515\" target=\"_blank\"><strong>\u201cCristiano Ara\u00fajo tem show no interior de S\u00e3o Paulo na data anunciada para Capelinha\u201d<\/strong><\/a> t\u00ednhamos apenas o levantamento de dados realizado pela equipe do Portal, como o cartaz do outro evento, links onde eram publicadas a divulga\u00e7\u00e3o do Rodeio Show de Ituverava e uma c\u00f3pia da agenda do artista disponibilizada em seu website oficial.<\/p>\n<p><img decoding=\"async\" src=\"http:\/\/aconteceunovale.com.br\/portal\/wp-content\/uploads\/2014\/04\/agenda_cristiano_araujo.jpg\" alt=\"\" \/><em>(Agenda divulgada no site oficial do cantor Cristiano Ara\u00fajo)<\/em><br \/>\n<\/br><\/p>\n<p>Entramos em contato com a Prefeitura de Capelinha, Empres\u00e1rio do artista e com o respons\u00e1vel pela realiza\u00e7\u00e3o do evento, o empres\u00e1rio Jo\u00e3o Welington.<\/p>\n<p>Na manh\u00e3 desta quarta-feira, 30 de abril, a Prefeitura de Capelinha, atrav\u00e9s do assessor de comunica\u00e7\u00e3o, Sr. Valmir Sebasti\u00e3o Neves respondeu a nossa solicita\u00e7\u00e3o de nota de esclarecimento com os seguintes dizeres. \u201cDe acordo com os requisitos previstos no processo licitat\u00f3rio da 28\u00aa Festa do Capelinhense Ausente, o empres\u00e1rio respons\u00e1vel pelo evento, Jo\u00e3o Wellington, est\u00e1 obrigado a garantir o show de Cristiano Ara\u00fajo para o dia 18 de junho, quarta-feira, em Capelinha. O mesmo j\u00e1 foi acionado pela Prefeitura de Capelinha sobre a duplicidade da data na agenda do cantor. O impasse dever\u00e1 ser sanado o mais breve poss\u00edvel, por\u00e9m at\u00e9 este momento a Prefeitura ainda n\u00e3o foi comunicada sobre a decis\u00e3o.\u201d<\/p>\n<p><img decoding=\"async\" src=\"http:\/\/aconteceunovale.com.br\/portal\/wp-content\/uploads\/2014\/04\/duplicidade_show_cristiano_araujo_3.jpg\" alt=\"\" \/><em>(E-mail respondido pelo empres\u00e1rio do Artista)<\/em><br \/>\n<\/br><\/p>\n<p><img decoding=\"async\" src=\"http:\/\/aconteceunovale.com.br\/portal\/wp-content\/uploads\/2014\/04\/agenda_cap_cris_araujo.jpg\" alt=\"\" \/><em>(Agenda divulgada na manh\u00e3 desta quarta-feira, 30 de abril)<\/em><br \/>\n<\/br><\/p>\n<p>Minutos antes de recebermos a nota de esclarecimento da Prefeitura, o empres\u00e1rio Toninho Santos, propriet\u00e1rio da Efeitos Produ\u00e7\u00f5es e da Duettos Produ\u00e7\u00f5es, respondeu ao nosso pedido informando que a data do show do artista Cristiano Ara\u00fajo em Capelinha seria no dia 20 de junho e n\u00e3o no dia 18 de junho como foi divulgado pela Prefeitura Municipal ap\u00f3s a declara\u00e7\u00e3o da empresa vencedora do preg\u00e3o.<\/p>\n<p><img decoding=\"async\" src=\"http:\/\/aconteceunovale.com.br\/portal\/wp-content\/uploads\/2014\/04\/duplicidade_show_cristiano_araujo_2.jpg\" alt=\"\" \/><em>(Acusa\u00e7\u00e3o de leitura de e-mail do empres\u00e1rio Jo\u00e3o Welington)<\/em><br \/>\n<\/br><\/p>\n<p>Procuramos tamb\u00e9m o respons\u00e1vel pela empresa Pr\u00edncipe da Paz Produ\u00e7\u00f5es e Eventos, o empres\u00e1rio Jo\u00e3o Welington, no entanto, at\u00e9 a publica\u00e7\u00e3o deste artigo, o mesmo leu a nossa solicita\u00e7\u00e3o, mas n\u00e3o enviou uma nota de esclarecimento.<\/p>\n","protected":false},"excerpt":{"rendered":"<p>Por Vicente Alves \/ Portal Aconteceu no Vale Na data de ontem, 29 de abril, publicamos no Portal Aconteceu no Vale sobre a duplicidade de agenda do artista Cristiano Ara\u00fajo, contratado para a Festa do Capelinhense Ausente 2014. At\u00e9 a publica\u00e7\u00e3o do artigo \u201cCristiano Ara\u00fajo tem show no interior de S\u00e3o Paulo na data anunciada [&hellip;]<\/p>\n","protected":false},"author":1,"featured_media":27615,"comment_status":"open","ping_status":"closed","sticky":false,"template":"","format":"standard","meta":{"amp_status":"","footnotes":""},"categories":[120],"tags":[6831,132,2482,838,1018,7083,2481,837,7082,7084],"class_list":["post-27612","post","type-post","status-publish","format-standard","has-post-thumbnail","hentry","category-jequi","tag-28a-festa-do-capelinhense-ausente","tag-capelinha","tag-capelinhense-ausente","tag-capelinhense-ausente-2014","tag-destaque","tag-duplicidade-de-show-do-cantor-cristiano-araujo","tag-festa-do-capelinhense-ausente","tag-festa-do-capelinhense-ausente-2014","tag-prefeitura-de-capelinha-e-empresario-esclarecem-sobre-duplicidade-de-show-do-cantor-cristiano-araujo","tag-show-cristiano-araujo"],"_links":{"self":[{"href":"https:\/\/aconteceunovale.com.br\/portal\/index.php?rest_route=\/wp\/v2\/posts\/27612","targetHints":{"allow":["GET"]}}],"collection":[{"href":"https:\/\/aconteceunovale.com.br\/portal\/index.php?rest_route=\/wp\/v2\/posts"}],"about":[{"href":"https:\/\/aconteceunovale.com.br\/portal\/index.php?rest_route=\/wp\/v2\/types\/post"}],"author":[{"embeddable":true,"href":"https:\/\/aconteceunovale.com.br\/portal\/index.php?rest_route=\/wp\/v2\/users\/1"}],"replies":[{"embeddable":true,"href":"https:\/\/aconteceunovale.com.br\/portal\/index.php?rest_route=%2Fwp%2Fv2%2Fcomments&post=27612"}],"version-history":[{"count":0,"href":"https:\/\/aconteceunovale.com.br\/portal\/index.php?rest_route=\/wp\/v2\/posts\/27612\/revisions"}],"wp:featuredmedia":[{"embeddable":true,"href":"https:\/\/aconteceunovale.com.br\/portal\/index.php?rest_route=\/wp\/v2\/media\/27615"}],"wp:attachment":[{"href":"https:\/\/aconteceunovale.com.br\/portal\/index.php?rest_route=%2Fwp%2Fv2%2Fmedia&parent=27612"}],"wp:term":[{"taxonomy":"category","embeddable":true,"href":"https:\/\/aconteceunovale.com.br\/portal\/index.php?rest_route=%2Fwp%2Fv2%2Fcategories&post=27612"},{"taxonomy":"post_tag","embeddable":true,"href":"https:\/\/aconteceunovale.com.br\/portal\/index.php?rest_route=%2Fwp%2Fv2%2Ftags&post=27612"}],"curies":[{"name":"wp","href":"https:\/\/api.w.org\/{rel}","templated":true}]}}