{"id":27610,"date":"2014-04-30T11:53:32","date_gmt":"2014-04-30T14:53:32","guid":{"rendered":"http:\/\/aconteceunovale.com.br\/portal\/?p=27610"},"modified":"2014-04-30T11:53:32","modified_gmt":"2014-04-30T14:53:32","slug":"homem-e-morto-a-facadas-na-regiao-central-de-itaipe","status":"publish","type":"post","link":"https:\/\/aconteceunovale.com.br\/portal\/?p=27610","title":{"rendered":"Homem \u00e9 morto a facadas na regi\u00e3o Central de Itaip\u00e9"},"content":{"rendered":"<p>Um homem de 42 anos, identificado como Gerval Batista Luiz, foi morto a facadas por volta das 18 horas desta ter\u00e7a-feira, 29 de abril, na Rua Joaquim da Silva, na regi\u00e3o Central de Itaip\u00e9\/MG.<\/p>\n<p>De acordo com a Pol\u00edcia Militar, uma testemunha relatou aos policiais que atenderam a ocorr\u00eancia que suspeita que Gerval teria sido morto por um homem com se desentendeu no passado por causa de um botij\u00e3o de g\u00e1s.<\/p>\n<p>A per\u00edcia t\u00e9cnica da Pol\u00edcia Civil foi acionada e ap\u00f3s os procedimentos de praxe constatou que a v\u00edtima tinha seis perfura\u00e7\u00f5es no corpo por instrumento perfuro cortante.<\/p>\n<p>Ap\u00f3s informa\u00e7\u00f5es de testemunhas, a Pol\u00edcia Militar realizou rastreamento nos poss\u00edvel locais onde poder estar o suspeito, no entanto ele n\u00e3o foi localizado. O rastreamento continua com o intuito de prender o autor do crime.<\/p>\n","protected":false},"excerpt":{"rendered":"<p>Um homem de 42 anos, identificado como Gerval Batista Luiz, foi morto a facadas por volta das 18 horas desta ter\u00e7a-feira, 29 de abril, na Rua Joaquim da Silva, na regi\u00e3o Central de Itaip\u00e9\/MG. De acordo com a Pol\u00edcia Militar, uma testemunha relatou aos policiais que atenderam a ocorr\u00eancia que suspeita que Gerval teria sido [&hellip;]<\/p>\n","protected":false},"author":1,"featured_media":13667,"comment_status":"open","ping_status":"closed","sticky":false,"template":"","format":"standard","meta":{"amp_status":"","footnotes":""},"categories":[122],"tags":[7081,7080,191],"class_list":["post-27610","post","type-post","status-publish","format-standard","has-post-thumbnail","hentry","category-mucuri","tag-gerval-batista-luiz","tag-homem-e-morto-a-facadas-na-regiao-central-de-itaipe","tag-itaipe"],"_links":{"self":[{"href":"https:\/\/aconteceunovale.com.br\/portal\/index.php?rest_route=\/wp\/v2\/posts\/27610","targetHints":{"allow":["GET"]}}],"collection":[{"href":"https:\/\/aconteceunovale.com.br\/portal\/index.php?rest_route=\/wp\/v2\/posts"}],"about":[{"href":"https:\/\/aconteceunovale.com.br\/portal\/index.php?rest_route=\/wp\/v2\/types\/post"}],"author":[{"embeddable":true,"href":"https:\/\/aconteceunovale.com.br\/portal\/index.php?rest_route=\/wp\/v2\/users\/1"}],"replies":[{"embeddable":true,"href":"https:\/\/aconteceunovale.com.br\/portal\/index.php?rest_route=%2Fwp%2Fv2%2Fcomments&post=27610"}],"version-history":[{"count":0,"href":"https:\/\/aconteceunovale.com.br\/portal\/index.php?rest_route=\/wp\/v2\/posts\/27610\/revisions"}],"wp:featuredmedia":[{"embeddable":true,"href":"https:\/\/aconteceunovale.com.br\/portal\/index.php?rest_route=\/wp\/v2\/media\/13667"}],"wp:attachment":[{"href":"https:\/\/aconteceunovale.com.br\/portal\/index.php?rest_route=%2Fwp%2Fv2%2Fmedia&parent=27610"}],"wp:term":[{"taxonomy":"category","embeddable":true,"href":"https:\/\/aconteceunovale.com.br\/portal\/index.php?rest_route=%2Fwp%2Fv2%2Fcategories&post=27610"},{"taxonomy":"post_tag","embeddable":true,"href":"https:\/\/aconteceunovale.com.br\/portal\/index.php?rest_route=%2Fwp%2Fv2%2Ftags&post=27610"}],"curies":[{"name":"wp","href":"https:\/\/api.w.org\/{rel}","templated":true}]}}