{"id":27523,"date":"2014-04-29T17:54:14","date_gmt":"2014-04-29T20:54:14","guid":{"rendered":"http:\/\/aconteceunovale.com.br\/portal\/?p=27523"},"modified":"2014-04-29T17:56:21","modified_gmt":"2014-04-29T20:56:21","slug":"dois-acidentes-envolvendo-veiculos-pesados-sao-registrados-na-regiao-de-diamantina","status":"publish","type":"post","link":"https:\/\/aconteceunovale.com.br\/portal\/?p=27523","title":{"rendered":"Dois acidentes envolvendo ve\u00edculos pesados s\u00e3o registrados na regi\u00e3o de Diamantina"},"content":{"rendered":"<p>Dois acidentes envolvendo ve\u00edculos pesados foram registrados nesta ter\u00e7a-feira, 29 de abril, pr\u00f3ximo a Diamantina, no Vale do Jequitinhonha.<\/p>\n<p>Pela manh\u00e3, parte da carga de um caminh\u00e3o de bebidas caiu na pista, ficando totalmente destru\u00edda. J\u00e1 no sentido Posto SEABRA, o cavalinho de uma carreta com placas de Sete Lagoas\/MG soltou da ca\u00e7amba, derramando toda a carga de ra\u00e7\u00e3o na pista.<\/p>\n<p>N\u00e3o houve relato de v\u00edtimas nos acidentes, apenas perdas materiais.<\/p>\n<p>As fotos e informa\u00e7\u00f5es foram enviadas pelo internauta S\u00e9rgio Souza. Fa\u00e7a como ele, participe do Portal Aconteceu no Vale. Envie fotos, v\u00eddeos e informa\u00e7\u00f5es atrav\u00e9s do WhatsApp (033) 8868-6512.<\/p>\n<p><img decoding=\"async\" src=\"http:\/\/aconteceunovale.com.br\/portal\/wp-content\/uploads\/2014\/04\/acidente_dtna_29_04_2.jpg\" alt=\"\" \/><em>(Acidente sentido Posto Seabra &#8211; Foto: S\u00e9rgio Souza)<\/em><br \/>\n<\/br><\/p>\n<p><img decoding=\"async\" src=\"http:\/\/aconteceunovale.com.br\/portal\/wp-content\/uploads\/2014\/04\/acidente_dtna_29_04_1.jpg\" alt=\"\" \/><em>(Acidente sentido Diamantina\/Senador Modestino &#8211; Foto: S\u00e9rgio Souza)<\/em><\/p>\n","protected":false},"excerpt":{"rendered":"<p>Dois acidentes envolvendo ve\u00edculos pesados foram registrados nesta ter\u00e7a-feira, 29 de abril, pr\u00f3ximo a Diamantina, no Vale do Jequitinhonha. Pela manh\u00e3, parte da carga de um caminh\u00e3o de bebidas caiu na pista, ficando totalmente destru\u00edda. J\u00e1 no sentido Posto SEABRA, o cavalinho de uma carreta com placas de Sete Lagoas\/MG soltou da ca\u00e7amba, derramando toda [&hellip;]<\/p>\n","protected":false},"author":1,"featured_media":27527,"comment_status":"open","ping_status":"closed","sticky":false,"template":"","format":"standard","meta":{"amp_status":"","footnotes":""},"categories":[120],"tags":[7050,7051,1018,198,7049],"class_list":["post-27523","post","type-post","status-publish","format-standard","has-post-thumbnail","hentry","category-jequi","tag-acidente-com-carreta-de-sete-lagoas","tag-acidentes-proximo-a-diamantina","tag-destaque","tag-diamantina","tag-dois-acidentes-envolvendo-veiculos-pesados-sao-registrados-na-regiao-de-diamantina"],"_links":{"self":[{"href":"https:\/\/aconteceunovale.com.br\/portal\/index.php?rest_route=\/wp\/v2\/posts\/27523","targetHints":{"allow":["GET"]}}],"collection":[{"href":"https:\/\/aconteceunovale.com.br\/portal\/index.php?rest_route=\/wp\/v2\/posts"}],"about":[{"href":"https:\/\/aconteceunovale.com.br\/portal\/index.php?rest_route=\/wp\/v2\/types\/post"}],"author":[{"embeddable":true,"href":"https:\/\/aconteceunovale.com.br\/portal\/index.php?rest_route=\/wp\/v2\/users\/1"}],"replies":[{"embeddable":true,"href":"https:\/\/aconteceunovale.com.br\/portal\/index.php?rest_route=%2Fwp%2Fv2%2Fcomments&post=27523"}],"version-history":[{"count":0,"href":"https:\/\/aconteceunovale.com.br\/portal\/index.php?rest_route=\/wp\/v2\/posts\/27523\/revisions"}],"wp:featuredmedia":[{"embeddable":true,"href":"https:\/\/aconteceunovale.com.br\/portal\/index.php?rest_route=\/wp\/v2\/media\/27527"}],"wp:attachment":[{"href":"https:\/\/aconteceunovale.com.br\/portal\/index.php?rest_route=%2Fwp%2Fv2%2Fmedia&parent=27523"}],"wp:term":[{"taxonomy":"category","embeddable":true,"href":"https:\/\/aconteceunovale.com.br\/portal\/index.php?rest_route=%2Fwp%2Fv2%2Fcategories&post=27523"},{"taxonomy":"post_tag","embeddable":true,"href":"https:\/\/aconteceunovale.com.br\/portal\/index.php?rest_route=%2Fwp%2Fv2%2Ftags&post=27523"}],"curies":[{"name":"wp","href":"https:\/\/api.w.org\/{rel}","templated":true}]}}