{"id":27515,"date":"2014-04-29T16:52:21","date_gmt":"2014-04-29T19:52:21","guid":{"rendered":"http:\/\/aconteceunovale.com.br\/portal\/?p=27515"},"modified":"2014-04-29T17:26:23","modified_gmt":"2014-04-29T20:26:23","slug":"cristiano-araujo-tem-show-no-interior-de-sao-paulo-na-data-anunciada-para-capelinha","status":"publish","type":"post","link":"https:\/\/aconteceunovale.com.br\/portal\/?p=27515","title":{"rendered":"Cristiano Ara\u00fajo tem show no interior de S\u00e3o Paulo na data anunciada para Capelinha"},"content":{"rendered":"<p>Na manh\u00e3 do dia 23 de abril, a Prefeitura Municipal de Capelinha confirmou a empresa vencedora do preg\u00e3o e a data para realiza\u00e7\u00e3o da 28\u00aa Festa do Capelinhense Ausente. <\/p>\n<p>Nesta mesma data a Prefeitura tamb\u00e9m anunciou a empresa vencedora, Pr\u00edncipe da Paz Produ\u00e7\u00f5es e Eventos, do empres\u00e1rio Jo\u00e3o Welington, e os shows confirmados, que s\u00e3o: Quarta-Feira (18\/06) \u2013 Cristiano Ara\u00fajo,  Quinta-Feira (19\/06) \u2013 Tomate, Sexta- Feira (20\/06) \u2013 Guilherme e Santiago , S\u00e1bado (21\/06) \u2013 Roupa Nova e Rick &#038; Ricardo e Domingo (22\/06) \u2013 Gino e Geno.<\/p>\n<p>No entanto, nesta ter\u00e7a-feira, 29 de abril, recebemos uma den\u00fancia realizada via e-mail por um leitor do Aconteceu no Vale, onde este informava que no mesmo dia o cantor Cristiano Ara\u00fajo teria show em um rodeio no interior de S\u00e3o Paulo. <\/p>\n<p><img decoding=\"async\" src=\"http:\/\/aconteceunovale.com.br\/portal\/wp-content\/uploads\/2014\/04\/agenda_cristiano_araujo.jpg\" alt=\"\" \/><em>(Agenda de shows divulgada no site do cantor)<\/em><br \/>\n<\/br><\/p>\n<p>Resolvemos investigar a informa\u00e7\u00e3o. Primeiramente acessamos o site do cantor <a href=\"http:\/\/www.cristianoaraujooficial.com.br\" target=\"_blank\">www.cristianoaraujooficial.com.br<\/a> e constatamos que realmente nosso internauta tinha raz\u00e3o, no dia 18 de junho de 2014, o sertanejo far\u00e1 show em Ituverava, uma cidade do interior de S\u00e3o Paulo localizada a aproximadamente 900 quil\u00f4metros de Capelinha.<\/p>\n<p>Ap\u00f3s uma busca mais detalhada, encontramos na internet, o cartaz da 9\u00aa edi\u00e7\u00e3o do Ituverava Rodeio 2014, evento realizado pela empresa Paula e Kad\u00e3o Eventos. No cartaz do rodeio show de Ituverava reproduzido aqui no Portal Aconteceu no Vale \u00e9 poss\u00edvel ver claramente entre as atra\u00e7\u00f5es confirmadas o nome do cantor Cristiano Ara\u00fajo.<\/p>\n<p><img decoding=\"async\" src=\"http:\/\/aconteceunovale.com.br\/portal\/wp-content\/uploads\/2014\/04\/ituverava_rodeio_show_2014.jpg\" alt=\"\" \/><em>(Cartaz divulgado pela produ\u00e7\u00e3o do Ituverava Rodeio Show 2014)<\/em><br \/>\n<\/br><\/p>\n<p><a href=\"https:\/\/www.facebook.com\/events\/649990585025567\/\" target=\"_blank\">&#8211; ITUVERAVA RODEIO SHOW 2014 (LINK DO EVENTO)<\/a><br \/>\n<a href=\"http:\/\/www.aciituverava.com.br\/Site\/conteudo.asp?Id=home\" target=\"_blank\">&#8211; SITE DA ASSOCIA\u00c7\u00c3O COMERCIAL DE ITUVERAVA (SITE DIVULGA O EVENTO)<\/a><br \/>\n<a href=\"http:\/\/www.paulaekadao.com.br\/\" target=\"_blank\">&#8211; SITE DA EMPRESA PAULA &#038; KAD\u00c3O<\/a><\/p>\n<p>Outra coisa que surpreendeu durante nossa pesquisa, \u00e9 que j\u00e1 existem sites na internet comercializando os ingressos para o evento, antes mesmo de a empresa vencedora anunciar oficialmente a programa\u00e7\u00e3o. No <a href=\"http:\/\/www.blueticket.com.br\/10391\/Capelense-Ausente-Cristiano-Araujo-Capelinha-MG\/?obj=busca\" target=\"_blank\">site Blue Tickets (http:\/\/www.blueticket.com.br)<\/a> \u00e9 poss\u00edvel, inclusive, comprar o ingresso para o show do Cristiano Ara\u00fajo pelo valor de R$ 22,00 (pista) e R$ 52,00 (camarote).<\/p>\n<p>Quem est\u00e1 errado nesta hist\u00f3ria?<\/p>\n<p>Ap\u00f3s o levantamento das informa\u00e7\u00f5es acima citadas, enviamos e-mails para a assessoria de comunica\u00e7\u00e3o da Prefeitura Municipal de Capelinha e para a empresa vencedora do preg\u00e3o. Estamos aguardando uma resposta aos leitores do Portal Aconteceu no Vale.<\/p>\n","protected":false},"excerpt":{"rendered":"<p>Na manh\u00e3 do dia 23 de abril, a Prefeitura Municipal de Capelinha confirmou a empresa vencedora do preg\u00e3o e a data para realiza\u00e7\u00e3o da 28\u00aa Festa do Capelinhense Ausente. Nesta mesma data a Prefeitura tamb\u00e9m anunciou a empresa vencedora, Pr\u00edncipe da Paz Produ\u00e7\u00f5es e Eventos, do empres\u00e1rio Jo\u00e3o Welington, e os shows confirmados, que s\u00e3o: [&hellip;]<\/p>\n","protected":false},"author":1,"featured_media":27517,"comment_status":"open","ping_status":"closed","sticky":false,"template":"","format":"standard","meta":{"amp_status":"","footnotes":""},"categories":[125],"tags":[132,2482,838,7048,1018,2481,837,2564],"class_list":["post-27515","post","type-post","status-publish","format-standard","has-post-thumbnail","hentry","category-noticias","tag-capelinha","tag-capelinhense-ausente","tag-capelinhense-ausente-2014","tag-cristiano-araujo-tem-show-no-interior-de-sao-paulo-na-data-anunciada-para-capelinha","tag-destaque","tag-festa-do-capelinhense-ausente","tag-festa-do-capelinhense-ausente-2014","tag-shows-do-capelinhense-ausente-2014"],"_links":{"self":[{"href":"https:\/\/aconteceunovale.com.br\/portal\/index.php?rest_route=\/wp\/v2\/posts\/27515","targetHints":{"allow":["GET"]}}],"collection":[{"href":"https:\/\/aconteceunovale.com.br\/portal\/index.php?rest_route=\/wp\/v2\/posts"}],"about":[{"href":"https:\/\/aconteceunovale.com.br\/portal\/index.php?rest_route=\/wp\/v2\/types\/post"}],"author":[{"embeddable":true,"href":"https:\/\/aconteceunovale.com.br\/portal\/index.php?rest_route=\/wp\/v2\/users\/1"}],"replies":[{"embeddable":true,"href":"https:\/\/aconteceunovale.com.br\/portal\/index.php?rest_route=%2Fwp%2Fv2%2Fcomments&post=27515"}],"version-history":[{"count":0,"href":"https:\/\/aconteceunovale.com.br\/portal\/index.php?rest_route=\/wp\/v2\/posts\/27515\/revisions"}],"wp:featuredmedia":[{"embeddable":true,"href":"https:\/\/aconteceunovale.com.br\/portal\/index.php?rest_route=\/wp\/v2\/media\/27517"}],"wp:attachment":[{"href":"https:\/\/aconteceunovale.com.br\/portal\/index.php?rest_route=%2Fwp%2Fv2%2Fmedia&parent=27515"}],"wp:term":[{"taxonomy":"category","embeddable":true,"href":"https:\/\/aconteceunovale.com.br\/portal\/index.php?rest_route=%2Fwp%2Fv2%2Fcategories&post=27515"},{"taxonomy":"post_tag","embeddable":true,"href":"https:\/\/aconteceunovale.com.br\/portal\/index.php?rest_route=%2Fwp%2Fv2%2Ftags&post=27515"}],"curies":[{"name":"wp","href":"https:\/\/api.w.org\/{rel}","templated":true}]}}