{"id":27510,"date":"2014-04-29T15:54:40","date_gmt":"2014-04-29T18:54:40","guid":{"rendered":"http:\/\/aconteceunovale.com.br\/portal\/?p=27510"},"modified":"2014-04-29T15:55:55","modified_gmt":"2014-04-29T18:55:55","slug":"dois-operarios-morrem-soterrados-em-obra-em-santa-barbara","status":"publish","type":"post","link":"https:\/\/aconteceunovale.com.br\/portal\/?p=27510","title":{"rendered":"Dois trabalhadores morrem soterrados em Santa B\u00e1rbara"},"content":{"rendered":"<h4><strong>Duas pessoas desaterravam uma \u00e1rea para a constru\u00e7\u00e3o de uma casa quando houve um desabamento<\/strong><\/h4>\n<p>Duas pessoas morreram em um acidente em uma obra no fim da manh\u00e3 desta ter\u00e7a-feira na cidade de Santa B\u00e1rbara, na Regi\u00e3o Central de Minas Gerais. De acordo com informa\u00e7\u00f5es da Pol\u00edcia Militar, Valentino Leonildo de Paula, 56 anos, e Jorge Felix Correa, 60 anos, foram soterrados e n\u00e3o resistiram aos ferimentos.<\/p>\n<p>Segundo a PM, os oper\u00e1rios trabalhavam na constru\u00e7\u00e3o de uma casa na Rua Domingos Pena, no Centro da cidade. Eles foram atingidos por um desabamento quando faziam o desaterro da \u00e1rea. De acordo com o cabo Pedro Louren\u00e7o, os homens faziam uma obra no local. \u201cEles estavam fazendo um muro de arrimo, inclusive uma m\u00e1quina retroescavadeira fez um trabalho de retirada de terra por l\u00e1\u201d, disse.<\/p>\n<p>Guardas municipais e PMs tentaram resgatar os trabalhadores, mas eles j\u00e1 estavam mortos. Policiais informaram que o propriet\u00e1rio da obra, Gilson Pereira de Ara\u00fajo, 51 anos, passou mal ao ter conhecimento do acidente. \u201cParece que ele foi orientado pelo advogado e est\u00e1 incomunic\u00e1vel. Ainda n\u00e3o conseguimos conversar com ele sobre o ocorrido\u201d, disse o cabo Louren\u00e7o.<\/p>\n<p><img decoding=\"async\" src=\"http:\/\/aconteceunovale.com.br\/portal\/wp-content\/uploads\/2014\/04\/acidente_obra_santa_barbara.jpg\" alt=\"\" \/><em>Foto: Pol\u00edcia Militar<\/em><\/p>\n","protected":false},"excerpt":{"rendered":"<p>Duas pessoas desaterravam uma \u00e1rea para a constru\u00e7\u00e3o de uma casa quando houve um desabamento Duas pessoas morreram em um acidente em uma obra no fim da manh\u00e3 desta ter\u00e7a-feira na cidade de Santa B\u00e1rbara, na Regi\u00e3o Central de Minas Gerais. De acordo com informa\u00e7\u00f5es da Pol\u00edcia Militar, Valentino Leonildo de Paula, 56 anos, e [&hellip;]<\/p>\n","protected":false},"author":1,"featured_media":27511,"comment_status":"open","ping_status":"closed","sticky":false,"template":"","format":"standard","meta":{"amp_status":"","footnotes":""},"categories":[123],"tags":[1018,7046,7047,3693],"class_list":["post-27510","post","type-post","status-publish","format-standard","has-post-thumbnail","hentry","category-gerais","tag-destaque","tag-dois-operarios-morrem-soterrados-em-obra-em-santa-barbara","tag-dois-trabalhadores-morrem-soterrados-em-santa-barbara","tag-santa-barbara"],"_links":{"self":[{"href":"https:\/\/aconteceunovale.com.br\/portal\/index.php?rest_route=\/wp\/v2\/posts\/27510","targetHints":{"allow":["GET"]}}],"collection":[{"href":"https:\/\/aconteceunovale.com.br\/portal\/index.php?rest_route=\/wp\/v2\/posts"}],"about":[{"href":"https:\/\/aconteceunovale.com.br\/portal\/index.php?rest_route=\/wp\/v2\/types\/post"}],"author":[{"embeddable":true,"href":"https:\/\/aconteceunovale.com.br\/portal\/index.php?rest_route=\/wp\/v2\/users\/1"}],"replies":[{"embeddable":true,"href":"https:\/\/aconteceunovale.com.br\/portal\/index.php?rest_route=%2Fwp%2Fv2%2Fcomments&post=27510"}],"version-history":[{"count":0,"href":"https:\/\/aconteceunovale.com.br\/portal\/index.php?rest_route=\/wp\/v2\/posts\/27510\/revisions"}],"wp:featuredmedia":[{"embeddable":true,"href":"https:\/\/aconteceunovale.com.br\/portal\/index.php?rest_route=\/wp\/v2\/media\/27511"}],"wp:attachment":[{"href":"https:\/\/aconteceunovale.com.br\/portal\/index.php?rest_route=%2Fwp%2Fv2%2Fmedia&parent=27510"}],"wp:term":[{"taxonomy":"category","embeddable":true,"href":"https:\/\/aconteceunovale.com.br\/portal\/index.php?rest_route=%2Fwp%2Fv2%2Fcategories&post=27510"},{"taxonomy":"post_tag","embeddable":true,"href":"https:\/\/aconteceunovale.com.br\/portal\/index.php?rest_route=%2Fwp%2Fv2%2Ftags&post=27510"}],"curies":[{"name":"wp","href":"https:\/\/api.w.org\/{rel}","templated":true}]}}