{"id":27506,"date":"2014-04-29T15:36:41","date_gmt":"2014-04-29T18:36:41","guid":{"rendered":"http:\/\/aconteceunovale.com.br\/portal\/?p=27506"},"modified":"2014-04-29T15:37:44","modified_gmt":"2014-04-29T18:37:44","slug":"lula-diz-a-amigos-que-sera-candidato-a-presidencia","status":"publish","type":"post","link":"https:\/\/aconteceunovale.com.br\/portal\/?p=27506","title":{"rendered":"Lula diz a amigos que ser\u00e1 candidato \u00e0 Presid\u00eancia"},"content":{"rendered":"<h4><strong>Uma reportagem do Portal Terra desta segunda-feira, 28 de abril, destaca que o ex-presidente Lula ser\u00e1 candidato nas elei\u00e7\u00f5es 2014. A assessoria de Imprensa do Instituto Lula, por\u00e9m, nega a informa\u00e7\u00e3o e reafirma que o ex-presidente ser\u00e1 apenas cabo eleitoral de Dilma Rousseff, que busca a reelei\u00e7\u00e3o.<\/strong><\/h4>\n<p><img decoding=\"async\" src=\"http:\/\/aconteceunovale.com.br\/portal\/wp-content\/uploads\/2014\/04\/lula_2014.jpg\" alt=\"\" \/><strong><em>Lula cumprimenta Dilma em encontro: o ex-presidente afirmou que vai &#8220;fazer campanha pra Dilma&#8221;, mas teria confidenciado a amigos que ser\u00e1 candidato \u00e0 Presid\u00eancia &#8211; Foto: Ricardo Stuckert\/Instituto Lula<\/em><\/strong><br \/>\n<\/br><\/p>\n<p>O ex-presidente Luiz In\u00e1cio Lula da Silva disse a amigos pr\u00f3ximos nesse fim de semana que ser\u00e1 o candidato do PT \u00e0 Presid\u00eancia da Rep\u00fablica, conforme a jornalista Joyce Pascowitch. A colunista afirmou no site Glamurama que o presidente expressou sua inten\u00e7\u00e3o de voltar ao posto, apesar de Lula der dito que vai &#8220;ser cabo eleitoral da Dilma&#8221;, em entrevista veiculada no domingo na RTP, de Portugal, e negar frequentemente sua inten\u00e7\u00e3o de concorrer nas elei\u00e7\u00f5es de 2014.<\/p>\n<p>&#8220;Eu vou ser cabo eleitoral da Dilma, vou pra rua fazer campanha pra Dilma&#8221;, afirmou Lula \u00e0 RTP. Lula reiterou que n\u00e3o ser\u00e1 candidato este ano e diz acreditar que, mesmo com a queda nas pesquisas, a presidente petista Dilma Rousseff ser\u00e1 reeleita. Ele ainda afirmou que n\u00e3o ter\u00e1 cargo no governo. <\/p>\n<p>Lula tamb\u00e9m teria garantido ao pr\u00e9-candidato do PSB \u00e0 Presid\u00eancia da Rep\u00fablica, Eduardo Campos, que n\u00e3o ser\u00e1 candidato nas elei\u00e7\u00f5es deste ano. A informa\u00e7\u00e3o foi dada pelo presidenci\u00e1vel socialista durante ato em apoio a sua pr\u00e9-candidatura em Timon (MA).<\/p>\n<p>\u201cA \u00faltima vez que falei, pessoalmente, com o (ex) presidente Lula e conversamos muito sobre o Brasil e sobre o futuro, eu fiz essa pergunta (se ser\u00e1 candidato) e ele me disse que n\u00e3o seria candidato em nenhuma hip\u00f3tese\u201d, disse Eduardo Campos durante coletiva de imprensa.<\/p>\n<p>Lula e o PT ainda n\u00e3o se pronunciaram sobre o assunto. No Facebook, o ex-presidente repercutiu ontem a entrevista \u00e0 rede portuguesa, destacando o apoio a Dilma. Procurada pela reportagem, a assessoria de imprensa do Instituto Lula negou a informa\u00e7\u00e3o dada por Joyce Pascowitch. Segundo o assessor Jos\u00e9 Crispiniano, Lula n\u00e3o ser\u00e1 candidato \u00e0 presid\u00eancia, mas sim cabo eleitoral da presidente Dilma Rousseff, que busca a reelei\u00e7\u00e3o.<\/p>\n","protected":false},"excerpt":{"rendered":"<p>Uma reportagem do Portal Terra desta segunda-feira, 28 de abril, destaca que o ex-presidente Lula ser\u00e1 candidato nas elei\u00e7\u00f5es 2014. A assessoria de Imprensa do Instituto Lula, por\u00e9m, nega a informa\u00e7\u00e3o e reafirma que o ex-presidente ser\u00e1 apenas cabo eleitoral de Dilma Rousseff, que busca a reelei\u00e7\u00e3o. Lula cumprimenta Dilma em encontro: o ex-presidente afirmou [&hellip;]<\/p>\n","protected":false},"author":1,"featured_media":27507,"comment_status":"open","ping_status":"closed","sticky":false,"template":"","format":"standard","meta":{"amp_status":"","footnotes":""},"categories":[6],"tags":[3394,7045,7044],"class_list":["post-27506","post","type-post","status-publish","format-standard","has-post-thumbnail","hentry","category-br","tag-eleicoes-2014","tag-ex-presidente-lula-sera-candidato-em-2014","tag-lula-diz-a-amigos-que-sera-candidato-a-presidencia"],"_links":{"self":[{"href":"https:\/\/aconteceunovale.com.br\/portal\/index.php?rest_route=\/wp\/v2\/posts\/27506","targetHints":{"allow":["GET"]}}],"collection":[{"href":"https:\/\/aconteceunovale.com.br\/portal\/index.php?rest_route=\/wp\/v2\/posts"}],"about":[{"href":"https:\/\/aconteceunovale.com.br\/portal\/index.php?rest_route=\/wp\/v2\/types\/post"}],"author":[{"embeddable":true,"href":"https:\/\/aconteceunovale.com.br\/portal\/index.php?rest_route=\/wp\/v2\/users\/1"}],"replies":[{"embeddable":true,"href":"https:\/\/aconteceunovale.com.br\/portal\/index.php?rest_route=%2Fwp%2Fv2%2Fcomments&post=27506"}],"version-history":[{"count":0,"href":"https:\/\/aconteceunovale.com.br\/portal\/index.php?rest_route=\/wp\/v2\/posts\/27506\/revisions"}],"wp:featuredmedia":[{"embeddable":true,"href":"https:\/\/aconteceunovale.com.br\/portal\/index.php?rest_route=\/wp\/v2\/media\/27507"}],"wp:attachment":[{"href":"https:\/\/aconteceunovale.com.br\/portal\/index.php?rest_route=%2Fwp%2Fv2%2Fmedia&parent=27506"}],"wp:term":[{"taxonomy":"category","embeddable":true,"href":"https:\/\/aconteceunovale.com.br\/portal\/index.php?rest_route=%2Fwp%2Fv2%2Fcategories&post=27506"},{"taxonomy":"post_tag","embeddable":true,"href":"https:\/\/aconteceunovale.com.br\/portal\/index.php?rest_route=%2Fwp%2Fv2%2Ftags&post=27506"}],"curies":[{"name":"wp","href":"https:\/\/api.w.org\/{rel}","templated":true}]}}