{"id":27463,"date":"2014-04-28T15:13:33","date_gmt":"2014-04-28T18:13:33","guid":{"rendered":"http:\/\/aconteceunovale.com.br\/portal\/?p=27463"},"modified":"2014-04-28T15:13:33","modified_gmt":"2014-04-28T18:13:33","slug":"motociclista-morre-na-br-381-apos-colidir-com-caminhao-em-governador-valadares","status":"publish","type":"post","link":"https:\/\/aconteceunovale.com.br\/portal\/?p=27463","title":{"rendered":"Motociclista morre na BR-381 ap\u00f3s colidir com caminh\u00e3o em Governador Valadares"},"content":{"rendered":"<h4><strong>Segundo a Pol\u00edcia Rodovi\u00e1ria, motociclista estava em alta velocidade. Motorista do caminh\u00e3o n\u00e3o foi localizado.<\/strong><\/h4>\n<p>Um motociclista morreu na madrugada desse domingo (27) na BR-381, no per\u00edmetro urbano da cidade de  Governador Valadares. De acordo com a Pol\u00edcia Rodovi\u00e1ria Federal, o condutor sa\u00eda do distrito de Baguari, em alta velocidade, quando bateu na lateral de um caminh\u00e3o que seguia sentido Ipatinga.<\/p>\n<p>O condutor da motocicleta morreu na hora. J\u00e1 o motorista do caminh\u00e3o n\u00e3o foi localizado. Ainda de acordo com a PRF, n\u00e3o se sabe o motorista fugiu do local do acidente ou se n\u00e3o percebeu a colis\u00e3o.<\/p>\n<p><img decoding=\"async\" src=\"http:\/\/aconteceunovale.com.br\/portal\/wp-content\/uploads\/2014\/04\/acidente_gv_27_moto.jpg\" alt=\"\" \/><em>(Foto: Kildene de Jesus \/ Alterosa Alerta)<\/em><\/p>\n","protected":false},"excerpt":{"rendered":"<p>Segundo a Pol\u00edcia Rodovi\u00e1ria, motociclista estava em alta velocidade. Motorista do caminh\u00e3o n\u00e3o foi localizado. Um motociclista morreu na madrugada desse domingo (27) na BR-381, no per\u00edmetro urbano da cidade de Governador Valadares. De acordo com a Pol\u00edcia Rodovi\u00e1ria Federal, o condutor sa\u00eda do distrito de Baguari, em alta velocidade, quando bateu na lateral de [&hellip;]<\/p>\n","protected":false},"author":1,"featured_media":27464,"comment_status":"open","ping_status":"closed","sticky":false,"template":"","format":"standard","meta":{"amp_status":"","footnotes":""},"categories":[121],"tags":[247,7024],"class_list":["post-27463","post","type-post","status-publish","format-standard","has-post-thumbnail","hentry","category-leste","tag-governador-valadares","tag-motociclista-morre-na-br-381-apos-colidir-com-caminhao-em-governador-valadares"],"_links":{"self":[{"href":"https:\/\/aconteceunovale.com.br\/portal\/index.php?rest_route=\/wp\/v2\/posts\/27463","targetHints":{"allow":["GET"]}}],"collection":[{"href":"https:\/\/aconteceunovale.com.br\/portal\/index.php?rest_route=\/wp\/v2\/posts"}],"about":[{"href":"https:\/\/aconteceunovale.com.br\/portal\/index.php?rest_route=\/wp\/v2\/types\/post"}],"author":[{"embeddable":true,"href":"https:\/\/aconteceunovale.com.br\/portal\/index.php?rest_route=\/wp\/v2\/users\/1"}],"replies":[{"embeddable":true,"href":"https:\/\/aconteceunovale.com.br\/portal\/index.php?rest_route=%2Fwp%2Fv2%2Fcomments&post=27463"}],"version-history":[{"count":0,"href":"https:\/\/aconteceunovale.com.br\/portal\/index.php?rest_route=\/wp\/v2\/posts\/27463\/revisions"}],"wp:featuredmedia":[{"embeddable":true,"href":"https:\/\/aconteceunovale.com.br\/portal\/index.php?rest_route=\/wp\/v2\/media\/27464"}],"wp:attachment":[{"href":"https:\/\/aconteceunovale.com.br\/portal\/index.php?rest_route=%2Fwp%2Fv2%2Fmedia&parent=27463"}],"wp:term":[{"taxonomy":"category","embeddable":true,"href":"https:\/\/aconteceunovale.com.br\/portal\/index.php?rest_route=%2Fwp%2Fv2%2Fcategories&post=27463"},{"taxonomy":"post_tag","embeddable":true,"href":"https:\/\/aconteceunovale.com.br\/portal\/index.php?rest_route=%2Fwp%2Fv2%2Ftags&post=27463"}],"curies":[{"name":"wp","href":"https:\/\/api.w.org\/{rel}","templated":true}]}}