{"id":27458,"date":"2014-04-28T14:56:58","date_gmt":"2014-04-28T17:56:58","guid":{"rendered":"http:\/\/aconteceunovale.com.br\/portal\/?p=27458"},"modified":"2014-04-28T14:56:58","modified_gmt":"2014-04-28T17:56:58","slug":"primeira-etapa-de-vacinacao-contra-a-febre-aftosa-tem-inicio-na-proxima-quinta-feira","status":"publish","type":"post","link":"https:\/\/aconteceunovale.com.br\/portal\/?p=27458","title":{"rendered":"Primeira etapa de Vacina\u00e7\u00e3o contra a Febre Aftosa tem in\u00edcio na pr\u00f3xima quinta-feira"},"content":{"rendered":"<h4><strong>Pecuaristas mineiros devem ficar atentos \u00e0 imuniza\u00e7\u00e3o de seus rebanhos bovinos e bubalinos. Carta aviso deve ser retirada no site do IMA<\/strong><\/h4>\n<p>Tem in\u00edcio na pr\u00f3xima quinta-feira (01\/05)  a primeira etapa da Campanha Nacional de Vacina\u00e7\u00e3o contra a Febre Aftosa nos rebanhos bovinos e bubalinos dos principais estados brasileiros. <\/p>\n<p>O lan\u00e7amento oficial da vacina\u00e7\u00e3o, que se estende at\u00e9 o dia 31 de maio, acontece no s\u00e1bado (03\/05), \u00e0s 10h, no parque Fernando Costa, em Uberaba, durante a solenidade de abertura oficial da \u201c ExpoZebu 80 anos\u201d.<\/p>\n<p>O Governo de Minas alerta aos produtores mineiros que devem retirar sua Carta Aviso no site do Instituto Mineiro Agropecu\u00e1rio (IMA). Desde a vacina\u00e7\u00e3o de novembro, este \u00e9 o novo procedimento que o pecuarista deve ficar atento. Ele n\u00e3o recebe mais a Carta em sua resid\u00eancia.<\/p>\n<p><img decoding=\"async\" src=\"http:\/\/aconteceunovale.com.br\/portal\/wp-content\/uploads\/2014\/04\/primeira-etapa-de-vacinacao-contra-a-febre-aftosa-comeca-na-quinta-feira.jpg\" alt=\"\" \/><em>Lan\u00e7amento oficial da vacina\u00e7\u00e3o, no Estado, ocorrer\u00e1 no pr\u00f3ximo domingo, em Uberaba &#8211; Foto: Arquivo\/IMA<\/em><br \/>\n<\/br><\/p>\n<h4><strong>Expectativa<\/strong><\/h4>\n<p>Em Minas Gerais, apesar da forte seca que acometeu todo o territ\u00f3rio mineiro nos quatro primeiros meses do ano de 2014, o que poder\u00e1 prejudicar a vacina\u00e7\u00e3o contra a enfermidade, a expectativa do IMA \u00e9 que, nas 353 mil propriedades pecu\u00e1rias distribu\u00eddas nos 853 munic\u00edpios mineiros, sejam imunizados em torno de 24,15 milh\u00f5es de bovinos e bubalinos de todas as idades. A meta \u00e9 alcan\u00e7ar o 100% de vacina\u00e7\u00e3o nos rebanhos.<\/p>\n<p>Para atender \u00e0 demanda do mercado nacional e internacional e continuar crescendo com competitividade e credibilidade, o pa\u00eds precisa se manter livre de doen\u00e7as com forte impacto econ\u00f4mico, como a febre aftosa. A Organiza\u00e7\u00e3o Mundial de Sa\u00fade Animal (OIE) tem reconhecido publicamente o empenho do Brasil no controle dessa e de uma s\u00e9rie de outras enfermidades.<\/p>\n<p>Para o diretor-geral do IMA, Altino Rodrigues Neto, as a\u00e7\u00f5es de Defesa Agropecu\u00e1ria s\u00e3o pr\u00f3prias do governo federal, mas como a sua intensidade se eleva a cada ano, tornou-se necess\u00e1rio fazer conv\u00eanios com os estados para capilarizar essas a\u00e7\u00f5es. Dessa maneira, afirma Rodrigues Neto, como nos anos anteriores, os recursos federais destinados \u00e0s a\u00e7\u00f5es de defesa agropecu\u00e1ria nas unidades da Federa\u00e7\u00e3o n\u00e3o devem ser submetidos a contingenciamentos ou \u00e1 qualquer outra medida de interrup\u00e7\u00e3o das a\u00e7\u00f5es.<\/p>\n<p>De acordo com o diretor-geral do IMA o que se precisa para que o Brasil continue na busca pela erradica\u00e7\u00e3o definitiva da febre aftosa em seu territ\u00f3rio, \u00e9 que as verbas para Defesa Agropecu\u00e1ria sejam devidamente \u201ccarimbadas\u201d, ou seja, os Estados tenham seus recursos garantidos acordados atrav\u00e9s dos conv\u00eanios assinados com o governo federal.<\/p>\n<p>A vigil\u00e2ncia, diz o diretor, tem um custo significativo e tem que ser continuada. A Defesa Agropecu\u00e1ria precisa ser considerada como essencial para o andamento do agroneg\u00f3cio do pa\u00eds.<\/p>\n","protected":false},"excerpt":{"rendered":"<p>Pecuaristas mineiros devem ficar atentos \u00e0 imuniza\u00e7\u00e3o de seus rebanhos bovinos e bubalinos. Carta aviso deve ser retirada no site do IMA Tem in\u00edcio na pr\u00f3xima quinta-feira (01\/05) a primeira etapa da Campanha Nacional de Vacina\u00e7\u00e3o contra a Febre Aftosa nos rebanhos bovinos e bubalinos dos principais estados brasileiros. O lan\u00e7amento oficial da vacina\u00e7\u00e3o, que [&hellip;]<\/p>\n","protected":false},"author":1,"featured_media":27459,"comment_status":"open","ping_status":"closed","sticky":false,"template":"","format":"standard","meta":{"amp_status":"","footnotes":""},"categories":[123],"tags":[1018,7021,7020,7022],"class_list":["post-27458","post","type-post","status-publish","format-standard","has-post-thumbnail","hentry","category-gerais","tag-destaque","tag-primeira-etapa-de-vacinacao-contra-a-febre-aftosa","tag-primeira-etapa-de-vacinacao-contra-a-febre-aftosa-tem-inicio-na-proxima-quinta-feira","tag-vacinacao-contra-a-febre-aftosa"],"_links":{"self":[{"href":"https:\/\/aconteceunovale.com.br\/portal\/index.php?rest_route=\/wp\/v2\/posts\/27458","targetHints":{"allow":["GET"]}}],"collection":[{"href":"https:\/\/aconteceunovale.com.br\/portal\/index.php?rest_route=\/wp\/v2\/posts"}],"about":[{"href":"https:\/\/aconteceunovale.com.br\/portal\/index.php?rest_route=\/wp\/v2\/types\/post"}],"author":[{"embeddable":true,"href":"https:\/\/aconteceunovale.com.br\/portal\/index.php?rest_route=\/wp\/v2\/users\/1"}],"replies":[{"embeddable":true,"href":"https:\/\/aconteceunovale.com.br\/portal\/index.php?rest_route=%2Fwp%2Fv2%2Fcomments&post=27458"}],"version-history":[{"count":0,"href":"https:\/\/aconteceunovale.com.br\/portal\/index.php?rest_route=\/wp\/v2\/posts\/27458\/revisions"}],"wp:featuredmedia":[{"embeddable":true,"href":"https:\/\/aconteceunovale.com.br\/portal\/index.php?rest_route=\/wp\/v2\/media\/27459"}],"wp:attachment":[{"href":"https:\/\/aconteceunovale.com.br\/portal\/index.php?rest_route=%2Fwp%2Fv2%2Fmedia&parent=27458"}],"wp:term":[{"taxonomy":"category","embeddable":true,"href":"https:\/\/aconteceunovale.com.br\/portal\/index.php?rest_route=%2Fwp%2Fv2%2Fcategories&post=27458"},{"taxonomy":"post_tag","embeddable":true,"href":"https:\/\/aconteceunovale.com.br\/portal\/index.php?rest_route=%2Fwp%2Fv2%2Ftags&post=27458"}],"curies":[{"name":"wp","href":"https:\/\/api.w.org\/{rel}","templated":true}]}}