{"id":27446,"date":"2014-04-28T11:20:31","date_gmt":"2014-04-28T14:20:31","guid":{"rendered":"http:\/\/aconteceunovale.com.br\/portal\/?p=27446"},"modified":"2014-04-28T11:20:31","modified_gmt":"2014-04-28T14:20:31","slug":"participante-de-campeonato-de-paraglider-fica-ferido-durante-competicao-em-valadares","status":"publish","type":"post","link":"https:\/\/aconteceunovale.com.br\/portal\/?p=27446","title":{"rendered":"Participante de campeonato de paraglider fica ferido durante competi\u00e7\u00e3o em Valadares"},"content":{"rendered":"<p>Um homem ficou ferido durante a competi\u00e7\u00e3o de saltos do Campeonato Brasileiro de Paraglider em Governador Valadares, no Vale do Rio Doce, nesse domingo (27). Ele participava do campeonato e teve uma fratura exposta ap\u00f3s se acidentar durante um voo.<\/p>\n<p>Segundo o Corpo de Bombeiros, Roberto Gomes Ferreira, 40, caiu em um local de dif\u00edcil acesso abaixo da rampa de decolagem.  O participante teve fraturas nas pernas e na bacia e foi resgatado pelos bombeiros e foi levado para o Pronto-Socorro de Governador Valadares.<\/p>\n<p>De acordo com a organiza\u00e7\u00e3o do evento, houve uma turbul\u00eancia no momento em que Roberto come\u00e7ou a voar e, como ele estava muito pr\u00f3ximo ao solo, n\u00e3o foi poss\u00edvel acionar o equipamento reserva, e ele achou que conseguiria continuar o voo. <\/p>\n<p>Nesta segunda-feira (28), o participante passou por uma cirurgia na perna, por causa da fratura exposta e, ainda segundo a organiza\u00e7\u00e3o do campeonato, est\u00e1 fora de perigo.<\/p>\n","protected":false},"excerpt":{"rendered":"<p>Um homem ficou ferido durante a competi\u00e7\u00e3o de saltos do Campeonato Brasileiro de Paraglider em Governador Valadares, no Vale do Rio Doce, nesse domingo (27). Ele participava do campeonato e teve uma fratura exposta ap\u00f3s se acidentar durante um voo. Segundo o Corpo de Bombeiros, Roberto Gomes Ferreira, 40, caiu em um local de dif\u00edcil [&hellip;]<\/p>\n","protected":false},"author":1,"featured_media":27235,"comment_status":"open","ping_status":"closed","sticky":false,"template":"","format":"standard","meta":{"amp_status":"","footnotes":""},"categories":[121],"tags":[7013,247,7014,7012],"class_list":["post-27446","post","type-post","status-publish","format-standard","has-post-thumbnail","hentry","category-leste","tag-campeonato-brasileiro-de-paraglider-em-governador-valadares","tag-governador-valadares","tag-participante-de-campeonato-de-paraglider-fica-ferido-durante-competicao-em-valadares","tag-roberto-gomes-ferreira"],"_links":{"self":[{"href":"https:\/\/aconteceunovale.com.br\/portal\/index.php?rest_route=\/wp\/v2\/posts\/27446","targetHints":{"allow":["GET"]}}],"collection":[{"href":"https:\/\/aconteceunovale.com.br\/portal\/index.php?rest_route=\/wp\/v2\/posts"}],"about":[{"href":"https:\/\/aconteceunovale.com.br\/portal\/index.php?rest_route=\/wp\/v2\/types\/post"}],"author":[{"embeddable":true,"href":"https:\/\/aconteceunovale.com.br\/portal\/index.php?rest_route=\/wp\/v2\/users\/1"}],"replies":[{"embeddable":true,"href":"https:\/\/aconteceunovale.com.br\/portal\/index.php?rest_route=%2Fwp%2Fv2%2Fcomments&post=27446"}],"version-history":[{"count":0,"href":"https:\/\/aconteceunovale.com.br\/portal\/index.php?rest_route=\/wp\/v2\/posts\/27446\/revisions"}],"wp:featuredmedia":[{"embeddable":true,"href":"https:\/\/aconteceunovale.com.br\/portal\/index.php?rest_route=\/wp\/v2\/media\/27235"}],"wp:attachment":[{"href":"https:\/\/aconteceunovale.com.br\/portal\/index.php?rest_route=%2Fwp%2Fv2%2Fmedia&parent=27446"}],"wp:term":[{"taxonomy":"category","embeddable":true,"href":"https:\/\/aconteceunovale.com.br\/portal\/index.php?rest_route=%2Fwp%2Fv2%2Fcategories&post=27446"},{"taxonomy":"post_tag","embeddable":true,"href":"https:\/\/aconteceunovale.com.br\/portal\/index.php?rest_route=%2Fwp%2Fv2%2Ftags&post=27446"}],"curies":[{"name":"wp","href":"https:\/\/api.w.org\/{rel}","templated":true}]}}