{"id":27323,"date":"2014-04-26T21:06:14","date_gmt":"2014-04-27T00:06:14","guid":{"rendered":"http:\/\/aconteceunovale.com.br\/portal\/?p=27323"},"modified":"2014-04-26T21:07:26","modified_gmt":"2014-04-27T00:07:26","slug":"27323","status":"publish","type":"post","link":"https:\/\/aconteceunovale.com.br\/portal\/?p=27323","title":{"rendered":"Ocorr\u00eancias registradas pela Pol\u00edcia Militar na regi\u00e3o dos Vales"},"content":{"rendered":"<h4><strong>ALMENARA \u2013 Homem \u00e9 preso por tr\u00e1fico de drogas na regi\u00e3o central da cidade<\/strong><\/h4>\n<p>Um motociclista de 24 anos foi preso neste s\u00e1bado, 26 de abril, suspeito de tr\u00e1fico de drogas em Almenara\/MG. De acordo com informa\u00e7\u00f5es da Pol\u00edcia Militar, J.P.A.M, foi abordado na regi\u00e3o Central da cidade por volta das 11 horas e 40 minutos.<\/p>\n<p>Ainda de acordo com a PM, durante patrulhamento, policiais que realizaram patrulhamento perceberam que a motocicleta conduzida pelo autor mudou bruscamente de dire\u00e7\u00e3o ao avistar a viatura. Ap\u00f3s rastreamento, o autor foi localizado e se encontrada com uma bucha de subst\u00e2ncia semelhante \u00e0 maconha. Em virtude de den\u00fancias anteriores de que o autor comercializava entorpecente, a guarni\u00e7\u00e3o deslocou at\u00e9 a casa do mesmo, onde foi localizado em cima da laje do banheiro, 07 pedras de crack.<\/p>\n<p>Em conversa aos policiais, o autor confessou que h\u00e1 aproximadamente 02 meses comercializava crack, j\u00e1 a maconha ele alegou ser para consumo pr\u00f3prio.<\/p>\n<p>Pelo fato do autor ser inabilitado, os militares confeccionaram o referido auto de infra\u00e7\u00e3o de tr\u00e2nsito. A motocicleta foi encaminhada para o p\u00e1tio do DETRAN. J\u00e1 o autor foi preso e conduzido a DEPOL juntamente com o material apreendido.<br \/>\n<\/br><\/p>\n<h4><strong>ITAMBACURI \u2013 Criminosos furtam motocicleta no quintal de resid\u00eancia no Bairro Nossa Senhora de F\u00e1tima<\/strong><\/h4>\n<p>A Pol\u00edcia Militar de Itambacuri registrou neste s\u00e1bado, 26 de abril, o furto de uma motocicleta no Bairro Nossa Senhora de F\u00e1tima. De acordo com o relato da v\u00edtima, indiv\u00edduos desconhecidos furtaram a sua motocicleta HONDA\/XR 250 TORNADO, placa HDU-0946\/Itambacuri, chassi 9C2MD34007R017483, ano 2007, cor amarela, em nome de JOSE ANTONIO FERREIRA DOS SANTOS, que estava estacionado no quintal de sua resid\u00eancia.<br \/>\n<\/br><\/p>\n<h4><strong>TE\u00d3FILO OTONI \u2013 Policiais Militares ficam feridos durante atendimento de ocorr\u00eancia na Pra\u00e7a Tiradentes<\/strong><\/h4>\n<p>Dois policiais militares ficaram feridos durante uma abordagem nesta sexta-feira, 25 de abril, na Pra\u00e7a Tiradentes, na regi\u00e3o Central de Te\u00f3filo Otoni\/MG. <\/p>\n<p>De acordo com a Pol\u00edcia Militar, uma guarni\u00e7\u00e3o composta pelo SGT Leite e SD Messias durante patrulhamento foram acionada para intervir em uma ocorr\u00eancia referente ao consumo de drogas na referida pra\u00e7a. Ao iniciar a verbaliza\u00e7\u00e3o para busca pessoal, os autores resistiram \u00e0 a\u00e7\u00e3o policial, investindo de forma agressiva (socos, pontap\u00e9s e mordidas) contra os militares. <\/p>\n<p>Para se defenderem fizeram uso do bast\u00e3o tonfa, bem como acionaram o apoio de outras guarni\u00e7\u00f5es. Em consequ\u00eancia da agress\u00e3o dos infratores, os policiais sofreram les\u00f5es, sendo medicados no hospital local. <\/p>\n<p>Os agressores foram dominados, presos em flagrante e com eles foram apreendidos uma faca, duas buchas de maconha, um pino de coca\u00edna e uma garrafa pl\u00e1stica contendo thinner. Os autores e o material foram encaminhados \u00e0 1\u00aa DRPC.<\/p>\n","protected":false},"excerpt":{"rendered":"<p>ALMENARA \u2013 Homem \u00e9 preso por tr\u00e1fico de drogas na regi\u00e3o central da cidade Um motociclista de 24 anos foi preso neste s\u00e1bado, 26 de abril, suspeito de tr\u00e1fico de drogas em Almenara\/MG. De acordo com informa\u00e7\u00f5es da Pol\u00edcia Militar, J.P.A.M, foi abordado na regi\u00e3o Central da cidade por volta das 11 horas e 40 [&hellip;]<\/p>\n","protected":false},"author":1,"featured_media":26880,"comment_status":"open","ping_status":"closed","sticky":false,"template":"","format":"standard","meta":{"amp_status":"","footnotes":""},"categories":[6],"tags":[142,6949,6950,188,6951,6948,164],"class_list":["post-27323","post","type-post","status-publish","format-standard","has-post-thumbnail","hentry","category-br","tag-almenara","tag-criminosos-furtam-motocicleta-no-quintal-de-residencia-no-bairro-nossa-senhora-de-fatima-em-itambacuri","tag-homem-e-preso-por-trafico-de-drogas-na-regiao-central-de-almenara","tag-itambacuri","tag-ocorrencias-registradas-pela-policia-militar-na-regiao-dos-vales","tag-policiais-militares-ficam-feridos-durante-atendimento-de-ocorrencia-na-praca-tiradentes-em-teofilo-otoni","tag-teofilo-otoni"],"_links":{"self":[{"href":"https:\/\/aconteceunovale.com.br\/portal\/index.php?rest_route=\/wp\/v2\/posts\/27323","targetHints":{"allow":["GET"]}}],"collection":[{"href":"https:\/\/aconteceunovale.com.br\/portal\/index.php?rest_route=\/wp\/v2\/posts"}],"about":[{"href":"https:\/\/aconteceunovale.com.br\/portal\/index.php?rest_route=\/wp\/v2\/types\/post"}],"author":[{"embeddable":true,"href":"https:\/\/aconteceunovale.com.br\/portal\/index.php?rest_route=\/wp\/v2\/users\/1"}],"replies":[{"embeddable":true,"href":"https:\/\/aconteceunovale.com.br\/portal\/index.php?rest_route=%2Fwp%2Fv2%2Fcomments&post=27323"}],"version-history":[{"count":0,"href":"https:\/\/aconteceunovale.com.br\/portal\/index.php?rest_route=\/wp\/v2\/posts\/27323\/revisions"}],"wp:featuredmedia":[{"embeddable":true,"href":"https:\/\/aconteceunovale.com.br\/portal\/index.php?rest_route=\/wp\/v2\/media\/26880"}],"wp:attachment":[{"href":"https:\/\/aconteceunovale.com.br\/portal\/index.php?rest_route=%2Fwp%2Fv2%2Fmedia&parent=27323"}],"wp:term":[{"taxonomy":"category","embeddable":true,"href":"https:\/\/aconteceunovale.com.br\/portal\/index.php?rest_route=%2Fwp%2Fv2%2Fcategories&post=27323"},{"taxonomy":"post_tag","embeddable":true,"href":"https:\/\/aconteceunovale.com.br\/portal\/index.php?rest_route=%2Fwp%2Fv2%2Ftags&post=27323"}],"curies":[{"name":"wp","href":"https:\/\/api.w.org\/{rel}","templated":true}]}}