{"id":27316,"date":"2014-04-26T20:38:44","date_gmt":"2014-04-26T23:38:44","guid":{"rendered":"http:\/\/aconteceunovale.com.br\/portal\/?p=27316"},"modified":"2014-04-26T20:38:44","modified_gmt":"2014-04-26T23:38:44","slug":"quatro-criancas-morrem-em-incendio-no-interior-de-minas-gerais","status":"publish","type":"post","link":"https:\/\/aconteceunovale.com.br\/portal\/?p=27316","title":{"rendered":"Quatro crian\u00e7as morrem em inc\u00eandio no interior de Minas Gerais"},"content":{"rendered":"<p>Quatro crian\u00e7as morreram e uma foi internada em estado grave em um inc\u00eandio que destruiu parte de uma resid\u00eancia na manh\u00e3 deste s\u00e1bado (26), no munic\u00edpio de Barroso, no Campo das Vertentes. Todas as v\u00edtimas t\u00eam idade entre 1 e 5 anos e eram da mesma fam\u00edlia. Tr\u00eas crian\u00e7as morreram na hora, uma faleceu no hospital da cidade e a quinta, de 5 anos, est\u00e1 sendo transferida para o Hospital de Pronto-Socorro Jo\u00e3o XXIII, em Belo Horizonte. O fogo pode ter sido provocado por uma explos\u00e3o de um botij\u00e3o de g\u00e1s.<\/p>\n<p>Greice Kelly Francisca Guimar\u00e3es, de 24 anos, m\u00e3e de tr\u00eas das crian\u00e7as, est\u00e1 gr\u00e1vida e havia deixado os filhos com a irm\u00e3, Amanda Francisca Guimar\u00e3es, de 17 anos, m\u00e3e das outras duas, para ir a um hospital de S\u00e3o Jo\u00e3o del Rei. Quando ela foi informada sobre o inc\u00eandio, retornou para casa. Ao ver a cena, passou mal e precisou ser hospitalizada imediatamente.<\/p>\n<p>Os vizinhos relataram \u00e0 pol\u00edcia que ouviram uma explos\u00e3o por volta das 9h40 e, em seguida, viram as chamas na casa da fam\u00edlia, localizada na avenida Viena, no bairro Jardim Europa. Amanda estava no quarto da frente da casa quando o fogo come\u00e7ou, e as crian\u00e7as estavam no quarto dos fundos. Ela disse ao jornal &#8220;Barroso em Dia&#8221; que viu as chamas, mas n\u00e3o conseguiu retirar os filhos e sobrinhos do local.<\/p>\n<p>De acordo com Elizabeth Tavares, de 38 anos, que \u00e9 vizinha da fam\u00edlia, v\u00e1rios vizinhos se reuniram para apagar as chamas. &#8220;N\u00f3s come\u00e7amos a ajudar com mangueiras. Um outro morador tirou as crian\u00e7as da casa, mas j\u00e1 era tarde&#8221;, conta. Segundo o jornalista Bruno Ferreira, ele chegou ao local por volta das 10h, quando viu dois corpos de crian\u00e7as j\u00e1 retirados da casa e os vizinhos tentando resgatar as demais. Logo em seguida, uma terceira crian\u00e7a foi retirada, tamb\u00e9m sem vida. Segundo Ferreira, era uma casa pequena, com laje e telhado de amianto e constru\u00edda muito pr\u00f3xima de uma casa vizinha.<\/p>\n<p>Duas das crian\u00e7as resistiram em um primeiro momento e foram encaminhadas para o Instituto Nossa Senhora do Carmo. Uma delas morreu no local, e a outra foi transferida pelo helic\u00f3ptero do Corpo de Bombeiros para Belo Horizonte.  <\/p>\n<h4><strong>M\u00e3e n\u00e3o para de chorar<\/strong><\/h4>\n<p>Segundo a m\u00e9dica K\u00e1tia Rezende, Greice Kelly, que est\u00e1 gr\u00e1vida de aproximadamente 8 meses, precisou ser internada porque entrou em estado de choque ap\u00f3s saber da morte de dois de seus tr\u00eas filhos. &#8220;Ela n\u00e3o para de chorar&#8221;, contou. A irm\u00e3 de Greice, Amanda, que estava na casa no momento do inc\u00eandio, tamb\u00e9m foi hospitalizada. De acordo com o Instituto Nossa Senhora do Carmo, as duas j\u00e1 receberam alta.<\/p>\n<h4><strong>Suspeita \u00e9 de explos\u00e3o<\/strong><\/h4>\n<p>Uma das suspeitas \u00e9 de que o g\u00e1s da casa tenha vazado, de acordo com a soldado Tainara Muniz de Oliveira, do 38\u00ba Batalh\u00e3o da Pol\u00edcia Militar. O perito que esteve no local, Andr\u00e9 Gualter Queiroz, informou que j\u00e1 existem duas linhas de investiga\u00e7\u00e3o para saber se o inc\u00eandio foi criminoso ou acidental. Queiroz, no entanto, preferiu n\u00e3o adiantar nada sobre a per\u00edcia realizada no local. O laudo deve sair no prazo de 30 dias.<\/p>\n<p>Os corpos das v\u00edtimas foram necropsiados e liberados no Instituto M\u00e9dico Legal (IML) de S\u00e3o Jo\u00e3o Del Rei. <\/p>\n<h4><strong>V\u00edtimas:<\/strong><\/h4>\n<p>&#8211; Ketelin &#8211; 3 anos, filha de Amanda<\/p>\n<p>&#8211; David &#8211; 1 ano e 6 meses, filho de Amanda<\/p>\n<p>&#8211; Beatriz Vit\u00f3ria Guimar\u00e3es &#8211; 2 anos, filha de Greice Kelly<\/p>\n<p>&#8211; Gustavo Henrique Celestino Guimar\u00e3es &#8211; 1 anos e 7 meses, filho de Greice Kelly<\/p>\n<p>&#8211; Rafaela Camila Martins &#8211; 5 anos, filha de Greice Kelly, teve 70% do corpo queimado e est\u00e1 em estado grave no Hospital Jo\u00e3o XXIII.<\/p>\n<p>&#8211; Amanda Francisca Guimar\u00e3es &#8211; 17 anos, m\u00e3e de Ketelin e David; foi internada mas j\u00e1 recebeu alta.<\/p>\n<p><strong>GALERIA DE FOTOS:<\/strong><br \/>\n<em>(Fotos: Bruno Ferreira \/ Barroso em Dia)<\/em><\/p>\n<p><img decoding=\"async\" src=\"http:\/\/aconteceunovale.com.br\/portal\/wp-content\/uploads\/2014\/04\/incendio_barroso_mg_26_04_1.jpg\" alt=\"\" \/><br \/>\n<div id='gallery-1' class='gallery galleryid-27316 gallery-columns-4 gallery-size-thumbnail'><figure class='gallery-item'>\n\t\t\t<div class='gallery-icon landscape'>\n\t\t\t\t<a href='https:\/\/aconteceunovale.com.br\/portal\/wp-content\/uploads\/2014\/04\/incendio_barroso_mg_26_04_5.jpg'><img loading=\"lazy\" decoding=\"async\" width=\"150\" height=\"150\" src=\"https:\/\/aconteceunovale.com.br\/portal\/wp-content\/uploads\/2014\/04\/incendio_barroso_mg_26_04_5-150x150.jpg\" class=\"attachment-thumbnail size-thumbnail\" alt=\"\" \/><\/a>\n\t\t\t<\/div><\/figure><figure class='gallery-item'>\n\t\t\t<div class='gallery-icon landscape'>\n\t\t\t\t<a href='https:\/\/aconteceunovale.com.br\/portal\/wp-content\/uploads\/2014\/04\/incendio_barroso_mg_26_04_4.jpg'><img loading=\"lazy\" decoding=\"async\" width=\"150\" height=\"150\" src=\"https:\/\/aconteceunovale.com.br\/portal\/wp-content\/uploads\/2014\/04\/incendio_barroso_mg_26_04_4-150x150.jpg\" class=\"attachment-thumbnail size-thumbnail\" alt=\"\" \/><\/a>\n\t\t\t<\/div><\/figure><figure class='gallery-item'>\n\t\t\t<div class='gallery-icon landscape'>\n\t\t\t\t<a href='https:\/\/aconteceunovale.com.br\/portal\/wp-content\/uploads\/2014\/04\/incendio_barroso_mg_26_04_3.jpg'><img loading=\"lazy\" decoding=\"async\" width=\"150\" height=\"150\" src=\"https:\/\/aconteceunovale.com.br\/portal\/wp-content\/uploads\/2014\/04\/incendio_barroso_mg_26_04_3-150x150.jpg\" class=\"attachment-thumbnail size-thumbnail\" alt=\"\" \/><\/a>\n\t\t\t<\/div><\/figure><figure class='gallery-item'>\n\t\t\t<div class='gallery-icon landscape'>\n\t\t\t\t<a href='https:\/\/aconteceunovale.com.br\/portal\/wp-content\/uploads\/2014\/04\/incendio_barroso_mg_26_04_2.jpg'><img loading=\"lazy\" decoding=\"async\" width=\"150\" height=\"150\" src=\"https:\/\/aconteceunovale.com.br\/portal\/wp-content\/uploads\/2014\/04\/incendio_barroso_mg_26_04_2-150x150.jpg\" class=\"attachment-thumbnail size-thumbnail\" alt=\"\" \/><\/a>\n\t\t\t<\/div><\/figure>\n\t\t<\/div>\n<\/p>\n<p><em><strong>(Fonte: O Tempo)<\/strong><\/em><\/p>\n","protected":false},"excerpt":{"rendered":"<p>Quatro crian\u00e7as morreram e uma foi internada em estado grave em um inc\u00eandio que destruiu parte de uma resid\u00eancia na manh\u00e3 deste s\u00e1bado (26), no munic\u00edpio de Barroso, no Campo das Vertentes. Todas as v\u00edtimas t\u00eam idade entre 1 e 5 anos e eram da mesma fam\u00edlia. Tr\u00eas crian\u00e7as morreram na hora, uma faleceu no [&hellip;]<\/p>\n","protected":false},"author":1,"featured_media":27321,"comment_status":"open","ping_status":"closed","sticky":false,"template":"","format":"standard","meta":{"amp_status":"","footnotes":""},"categories":[123],"tags":[6945,1018,6947,6946,6944,6943],"class_list":["post-27316","post","type-post","status-publish","format-standard","has-post-thumbnail","hentry","category-gerais","tag-barroso","tag-destaque","tag-fotos-incendio-em-casa-de-barroso","tag-morte-de-criancas-em-barroso","tag-quatro-criancas-morrem-em-incendio-em-barroso","tag-quatro-criancas-morrem-em-incendio-no-interior-de-minas-gerais"],"_links":{"self":[{"href":"https:\/\/aconteceunovale.com.br\/portal\/index.php?rest_route=\/wp\/v2\/posts\/27316","targetHints":{"allow":["GET"]}}],"collection":[{"href":"https:\/\/aconteceunovale.com.br\/portal\/index.php?rest_route=\/wp\/v2\/posts"}],"about":[{"href":"https:\/\/aconteceunovale.com.br\/portal\/index.php?rest_route=\/wp\/v2\/types\/post"}],"author":[{"embeddable":true,"href":"https:\/\/aconteceunovale.com.br\/portal\/index.php?rest_route=\/wp\/v2\/users\/1"}],"replies":[{"embeddable":true,"href":"https:\/\/aconteceunovale.com.br\/portal\/index.php?rest_route=%2Fwp%2Fv2%2Fcomments&post=27316"}],"version-history":[{"count":0,"href":"https:\/\/aconteceunovale.com.br\/portal\/index.php?rest_route=\/wp\/v2\/posts\/27316\/revisions"}],"wp:featuredmedia":[{"embeddable":true,"href":"https:\/\/aconteceunovale.com.br\/portal\/index.php?rest_route=\/wp\/v2\/media\/27321"}],"wp:attachment":[{"href":"https:\/\/aconteceunovale.com.br\/portal\/index.php?rest_route=%2Fwp%2Fv2%2Fmedia&parent=27316"}],"wp:term":[{"taxonomy":"category","embeddable":true,"href":"https:\/\/aconteceunovale.com.br\/portal\/index.php?rest_route=%2Fwp%2Fv2%2Fcategories&post=27316"},{"taxonomy":"post_tag","embeddable":true,"href":"https:\/\/aconteceunovale.com.br\/portal\/index.php?rest_route=%2Fwp%2Fv2%2Ftags&post=27316"}],"curies":[{"name":"wp","href":"https:\/\/api.w.org\/{rel}","templated":true}]}}