{"id":27255,"date":"2014-04-25T21:26:16","date_gmt":"2014-04-26T00:26:16","guid":{"rendered":"http:\/\/aconteceunovale.com.br\/portal\/?p=27255"},"modified":"2014-04-25T21:27:51","modified_gmt":"2014-04-26T00:27:51","slug":"principais-ocorrencias-desta-semana-na-area-da-23a-cia-pm-ind","status":"publish","type":"post","link":"https:\/\/aconteceunovale.com.br\/portal\/?p=27255","title":{"rendered":"Principais ocorr\u00eancias desta semana na \u00e1rea da 23\u00aa Cia PM Ind"},"content":{"rendered":"<h4><strong>CAPELINHA \u2013 Jovem de 15 anos \u00e9 apreendido suspeito de furto em supermercado<\/strong><\/h4>\n<p><img decoding=\"async\" src=\"http:\/\/aconteceunovale.com.br\/portal\/wp-content\/uploads\/2014\/04\/ocorrencias_pm_cap_25_04_3.jpg\" alt=\"\" \/><br \/>\n<\/br><\/p>\n<p>Um menor de 15 anos foi preso nesta quinta-feira, 24 de abril, em Capelinha\/MG. De acordo com a Pol\u00edcia Militar, a corpora\u00e7\u00e3o foi acionada pela funcion\u00e1ria de um supermercado da cidade informando que o menor estaria furtando um par de chinelos do estabelecimento.<\/p>\n<p>Uma guarni\u00e7\u00e3o da PM compareceu ao local, onde abordou e apreendeu o menor em flagrante delito por ato infracional.<\/p>\n<p>Ainda de acordo com a corpora\u00e7\u00e3o, o menor amea\u00e7ou os funcion\u00e1rios do supermercado de morte, sendo feito o registro.<\/p>\n<p>O menor foi encaminhado para a Depol acompanhado por seu genitor.<br \/>\n<\/br><\/p>\n<h4><strong>ITAMARANDIBA: Homem de 54 anos \u00e9 preso com arma de fogo<\/strong><\/h4>\n<p><img decoding=\"async\" src=\"http:\/\/aconteceunovale.com.br\/portal\/wp-content\/uploads\/2014\/04\/ocorrencias_pm_cap_25_04_1.jpg\" alt=\"\" \/><br \/>\n<\/br><\/p>\n<p>No dia 23 de Abril, os militares durante patrulhamento no bairro Fazendinha, por volta das 15 horas foi abordado o autor G.S.M, de 54 anos, que estava na garupa de uma moto, ao ser procedido a abordagem foi localizado em uma mochila 01 (uma) espingarda tipo polveira de fabrica\u00e7\u00e3o artesanal, 01 (um) fac\u00e3o, 05 (cinco) cartuchos recarregados, 02 (dois) tubos contendo p\u00f3lvora, 01 (um) tubo  contendo espoleta e 01 (uma) sacola com chumbinho.<\/p>\n<p>O material foi recolhido e o autor preso em flagrante delito sendo conduzido a Depol.<br \/>\n<\/br><\/p>\n<h4><strong>MINAS NOVAS \u2013 Homem \u00e9 preso por porte ilegal de arma de fogo<\/strong><\/h4>\n<p><img decoding=\"async\" src=\"http:\/\/aconteceunovale.com.br\/portal\/wp-content\/uploads\/2014\/04\/ocorrencias_pm_cap_25_04_2.jpg\" alt=\"\" \/><br \/>\n<\/br><\/p>\n<p>No dia 22 de Abril de 2014, a guarni\u00e7\u00e3o da Pol\u00edcia Militar da cidade de Minas Novas, realizou a abordagem no autor F.L.S., de 42 anos e durante a busca pessoal foi localizado um rev\u00f3lver calibre 32, marca Taurus, com o n\u00famero de s\u00e9rie raspado e desmuniciado, que estava na cintura do autor. O autor foi preso em flagrante delito e encaminhado para a Depol.<\/p>\n<p><strong>(Fotos e informa\u00e7\u00f5es do setor de Comunica\u00e7\u00e3o Social da 23\u00aa Cia PM Ind)<\/strong><\/p>\n","protected":false},"excerpt":{"rendered":"<p>CAPELINHA \u2013 Jovem de 15 anos \u00e9 apreendido suspeito de furto em supermercado Um menor de 15 anos foi preso nesta quinta-feira, 24 de abril, em Capelinha\/MG. De acordo com a Pol\u00edcia Militar, a corpora\u00e7\u00e3o foi acionada pela funcion\u00e1ria de um supermercado da cidade informando que o menor estaria furtando um par de chinelos do [&hellip;]<\/p>\n","protected":false},"author":1,"featured_media":27258,"comment_status":"open","ping_status":"closed","sticky":false,"template":"","format":"standard","meta":{"amp_status":"","footnotes":""},"categories":[120],"tags":[132,149,137,6914],"class_list":["post-27255","post","type-post","status-publish","format-standard","has-post-thumbnail","hentry","category-jequi","tag-capelinha","tag-itamarandiba","tag-minas-novas","tag-principais-ocorrencias-desta-semana-na-area-da-23a-cia-pm-ind"],"_links":{"self":[{"href":"https:\/\/aconteceunovale.com.br\/portal\/index.php?rest_route=\/wp\/v2\/posts\/27255","targetHints":{"allow":["GET"]}}],"collection":[{"href":"https:\/\/aconteceunovale.com.br\/portal\/index.php?rest_route=\/wp\/v2\/posts"}],"about":[{"href":"https:\/\/aconteceunovale.com.br\/portal\/index.php?rest_route=\/wp\/v2\/types\/post"}],"author":[{"embeddable":true,"href":"https:\/\/aconteceunovale.com.br\/portal\/index.php?rest_route=\/wp\/v2\/users\/1"}],"replies":[{"embeddable":true,"href":"https:\/\/aconteceunovale.com.br\/portal\/index.php?rest_route=%2Fwp%2Fv2%2Fcomments&post=27255"}],"version-history":[{"count":0,"href":"https:\/\/aconteceunovale.com.br\/portal\/index.php?rest_route=\/wp\/v2\/posts\/27255\/revisions"}],"wp:featuredmedia":[{"embeddable":true,"href":"https:\/\/aconteceunovale.com.br\/portal\/index.php?rest_route=\/wp\/v2\/media\/27258"}],"wp:attachment":[{"href":"https:\/\/aconteceunovale.com.br\/portal\/index.php?rest_route=%2Fwp%2Fv2%2Fmedia&parent=27255"}],"wp:term":[{"taxonomy":"category","embeddable":true,"href":"https:\/\/aconteceunovale.com.br\/portal\/index.php?rest_route=%2Fwp%2Fv2%2Fcategories&post=27255"},{"taxonomy":"post_tag","embeddable":true,"href":"https:\/\/aconteceunovale.com.br\/portal\/index.php?rest_route=%2Fwp%2Fv2%2Ftags&post=27255"}],"curies":[{"name":"wp","href":"https:\/\/api.w.org\/{rel}","templated":true}]}}