{"id":27252,"date":"2014-04-25T20:56:36","date_gmt":"2014-04-25T23:56:36","guid":{"rendered":"http:\/\/aconteceunovale.com.br\/portal\/?p=27252"},"modified":"2014-04-25T20:56:36","modified_gmt":"2014-04-25T23:56:36","slug":"policia-militar-registra-denuncia-de-ameaca-de-agressao-entre-vereadores-de-virgem-da-lapa","status":"publish","type":"post","link":"https:\/\/aconteceunovale.com.br\/portal\/?p=27252","title":{"rendered":"Pol\u00edcia Militar registra den\u00fancia de amea\u00e7a de agress\u00e3o entre Vereadores de Virgem da Lapa"},"content":{"rendered":"<p>A Pol\u00edcia Militar de Virgem da Lapa, no Vale do Jequitinhonha, registrou uma ocorr\u00eancia de amea\u00e7a de agress\u00e3o entre dois vereadores do munic\u00edpio ocorrida na manh\u00e3 desta sexta-feira, 25 de abril.<\/p>\n<p>De acordo com a corpora\u00e7\u00e3o, o vereador do PPS, M\u00e1rcio Neuller Monteiro Penedo, compareceu ao quartel por volta das 9 horas da manh\u00e3 e relatou a guarni\u00e7\u00e3o que havia tomado conhecimento por terceiros que o seu colega da c\u00e2mara, Jos\u00e9 Maria Machado Cota, do PT, teria feito amea\u00e7as verbais de agress\u00e3o contra sua pessoa.<\/p>\n<p>Ainda segundo o relato do vereador, uma not\u00edcia inicialmente publicada pelo site Gazeta de Ara\u00e7ua\u00ed sobre o recebimento ilegal do programa Bolsa Fam\u00edlia pela esposa e filhos do vereador seria a causa das amea\u00e7as de agress\u00e3o. Segundo o M\u00e1rcio Neuller, Jos\u00e9 Maria o acusa de ser o respons\u00e1vel pela divulga\u00e7\u00e3o da informa\u00e7\u00e3o.<\/p>\n<p>Em relato a pol\u00edcia, M\u00e1rcio Neuller relatou ainda que Jos\u00e9 Maria teria proferido os seguintes dizeres, \u201cEstou com um peda\u00e7o de pau dentro carro para quebra ele\u201d, isso na presen\u00e7a de uma testemunha, tamb\u00e9m vereador do munic\u00edpio. A testemunha foi procurada e confirmou a vers\u00e3o de M\u00e1rcio Neuller. <\/p>\n<p>Diante do exposto, a corpora\u00e7\u00e3o entrou em contato com o vereador Jos\u00e9 Maria, que negou as acusa\u00e7\u00f5es e alegou que o fato seria inven\u00e7\u00e3o devida desaven\u00e7as pol\u00edticas e pessoais antigas entre as partes. <\/p>\n","protected":false},"excerpt":{"rendered":"<p>A Pol\u00edcia Militar de Virgem da Lapa, no Vale do Jequitinhonha, registrou uma ocorr\u00eancia de amea\u00e7a de agress\u00e3o entre dois vereadores do munic\u00edpio ocorrida na manh\u00e3 desta sexta-feira, 25 de abril. De acordo com a corpora\u00e7\u00e3o, o vereador do PPS, M\u00e1rcio Neuller Monteiro Penedo, compareceu ao quartel por volta das 9 horas da manh\u00e3 e [&hellip;]<\/p>\n","protected":false},"author":1,"featured_media":27253,"comment_status":"open","ping_status":"closed","sticky":false,"template":"","format":"standard","meta":{"amp_status":"","footnotes":""},"categories":[120],"tags":[6913,482],"class_list":["post-27252","post","type-post","status-publish","format-standard","has-post-thumbnail","hentry","category-jequi","tag-policia-militar-registra-denuncia-de-ameaca-de-agressao-entre-vereadores-de-virgem-da-lapa","tag-virgem-da-lapa"],"_links":{"self":[{"href":"https:\/\/aconteceunovale.com.br\/portal\/index.php?rest_route=\/wp\/v2\/posts\/27252","targetHints":{"allow":["GET"]}}],"collection":[{"href":"https:\/\/aconteceunovale.com.br\/portal\/index.php?rest_route=\/wp\/v2\/posts"}],"about":[{"href":"https:\/\/aconteceunovale.com.br\/portal\/index.php?rest_route=\/wp\/v2\/types\/post"}],"author":[{"embeddable":true,"href":"https:\/\/aconteceunovale.com.br\/portal\/index.php?rest_route=\/wp\/v2\/users\/1"}],"replies":[{"embeddable":true,"href":"https:\/\/aconteceunovale.com.br\/portal\/index.php?rest_route=%2Fwp%2Fv2%2Fcomments&post=27252"}],"version-history":[{"count":0,"href":"https:\/\/aconteceunovale.com.br\/portal\/index.php?rest_route=\/wp\/v2\/posts\/27252\/revisions"}],"wp:featuredmedia":[{"embeddable":true,"href":"https:\/\/aconteceunovale.com.br\/portal\/index.php?rest_route=\/wp\/v2\/media\/27253"}],"wp:attachment":[{"href":"https:\/\/aconteceunovale.com.br\/portal\/index.php?rest_route=%2Fwp%2Fv2%2Fmedia&parent=27252"}],"wp:term":[{"taxonomy":"category","embeddable":true,"href":"https:\/\/aconteceunovale.com.br\/portal\/index.php?rest_route=%2Fwp%2Fv2%2Fcategories&post=27252"},{"taxonomy":"post_tag","embeddable":true,"href":"https:\/\/aconteceunovale.com.br\/portal\/index.php?rest_route=%2Fwp%2Fv2%2Ftags&post=27252"}],"curies":[{"name":"wp","href":"https:\/\/api.w.org\/{rel}","templated":true}]}}