{"id":27214,"date":"2014-04-25T10:55:20","date_gmt":"2014-04-25T13:55:20","guid":{"rendered":"http:\/\/aconteceunovale.com.br\/portal\/?p=27214"},"modified":"2014-04-25T10:57:15","modified_gmt":"2014-04-25T13:57:15","slug":"ocorrencias-registradas-pela-policia-militar-da-regiao-dos-vales-24042014","status":"publish","type":"post","link":"https:\/\/aconteceunovale.com.br\/portal\/?p=27214","title":{"rendered":"Ocorr\u00eancias registradas pela Pol\u00edcia Militar da regi\u00e3o dos Vales &#8211; 24\/04\/2014"},"content":{"rendered":"<p>Confira algumas das ocorr\u00eancias registradas pela Pol\u00edcia Militar na regi\u00e3o dos Vales do Jequitinhonha, Rio Doce e Mucuri no dia 24 de abril de 2014.<\/p>\n<h4><strong>TE\u00d3FILO OTONI \u2013 Militar chega alcoolizado em casa agride am\u00e1sia com tapas<\/strong><\/h4>\n<p>Um policial militar de Te\u00f3filo Otoni agrediu a tapas sua am\u00e1sia durante a madrugada desta sexta-feira, 25 de abril. De acordo com informa\u00e7\u00f5es da corpora\u00e7\u00e3o, a v\u00edtima relatou o autor apresentava ter ingerido bebida alco\u00f3lica e que ela teria questionado por ele ter chegado tarde em casa. O militar se irritou e ap\u00f3s agress\u00e3o verbal desferiu tapas no rosto e t\u00f3rax da v\u00edtima.<\/p>\n<p>Em seguida ele saiu da resid\u00eancia em dire\u00e7\u00e3o n\u00e3o sabida. Diante do exposto a v\u00edtima e sua filha de 02 anos de idade foram encaminhadas at\u00e9 a resid\u00eancia do seu genitor, uma vez que esta temia o retorno do autor no local.<\/p>\n<p>Foi feito rastreamento, por\u00e9m o autor n\u00e3o foi localizado.<br \/>\n<\/br><\/p>\n<h4><strong>TE\u00d3FILO OTONI \u2013 Homem armado assalta estudante na Avenida Luiz Boali<\/strong><\/h4>\n<p>Uma estudante de 21 anos, natural de Ara\u00e7ua\u00ed\/MG, foi assaltada na regi\u00e3o Central de Te\u00f3filo Otoni na noite desta quinta-feira, 24 de abril. De acordo com relato da v\u00edtima aos policiais, ela transitava pela Avenida Luiz Boali, quando foi abordada por um indiv\u00edduo de estatura mediana, trajando uma bermuda e portando uma arma de fogo.<\/p>\n<p>Ap\u00f3s anunciar o assalto, ele subtraiu da v\u00edtima um aparelho celular, um cart\u00e3o do Banco do Brasil, R$ 90,00 em dinheiro e v\u00e1rias chaves do apartamento onde reside. O autor evadiu sentido bairro Ipiranga.<br \/>\nDiante do exposto, guarni\u00e7\u00f5es da PM realizaram rastreamento, mas n\u00e3o foi poss\u00edvel localizar o infrator.<br \/>\n<\/br><\/p>\n<h4><strong>SANTANA DO PARA\u00cdSO \u2013 Homem agride filho de 08 anos<\/strong><\/h4>\n<p>Um homem foi preso nesta quinta-feira, na Fazenda Curral, em Santana do Para\u00edso, ap\u00f3s den\u00fancia de agress\u00e3o ao filho de 8 anos. O menino fugiu de casa e foi encontrada por populares em um matagal. Ele estava com hematomas na face, sendo socorrido a UPA onde foi atendido e liberado.<\/p>\n<p>Na resid\u00eancia foi encontrado uma arma tipo polveira. O autor foi preso e conduzido \u00e0 DEPOL.<br \/>\n<\/br><\/p>\n<h4><strong>CORONEL MURTA \u2013 Homem \u00e9 assaltado em via p\u00fablica<\/strong><\/h4>\n<p>Uma homem de 46 anos, foi assaltado no in\u00edcio da tarde desta quinta-feira, 24 de abril, em Coronel Murta\/MG. De acordo com o relato da v\u00edtima, ele se encontrava na Avenida Itapor\u00e3, \u00e0s margens da Rodovia BR 342 com intuito de conseguir uma carona para o Distrito de Barra do Salinas quando foi abordado por um indiv\u00edduo de cor morena, estatura baixa magra, trajando bermuda escura, camisa de manga na cor marrom e bon\u00e9 jeans escuro. <\/p>\n<p>O infrator teria pedido a v\u00edtima \u00e0 quantia de um real, que esta disse que n\u00e3o teria. Insatisfeito, ele agarrou uma \u201cpochete\u201d que a v\u00edtima portava e ap\u00f3s luta corporal fugiu do local levando a quantia de R$ 3170,00 (tr\u00eas mil cento e setenta reais) em esp\u00e9cie.  Segundo a v\u00edtima, o homem teria fugido a p\u00e9 em sentido a BR 342\/Ouro Fino, juntamente a um segundo indiv\u00edduo de cor morena e baixo.<\/p>\n<p>Em decorr\u00eancia do roubo, a v\u00edtima teve les\u00f5es no joelho esquerdo, na m\u00e3o e no p\u00e9, sendo encaminhada a Unidade de Sa\u00fade local para receber atendimento.<\/p>\n<p>A Pol\u00edcia Militar realizou rastreamentos com o intuito de localizar e prender os suspeitos, mas at\u00e9 o momento ningu\u00e9m n\u00e3o obtiveram \u00eaxito.<\/p>\n","protected":false},"excerpt":{"rendered":"<p>Confira algumas das ocorr\u00eancias registradas pela Pol\u00edcia Militar na regi\u00e3o dos Vales do Jequitinhonha, Rio Doce e Mucuri no dia 24 de abril de 2014. TE\u00d3FILO OTONI \u2013 Militar chega alcoolizado em casa agride am\u00e1sia com tapas Um policial militar de Te\u00f3filo Otoni agrediu a tapas sua am\u00e1sia durante a madrugada desta sexta-feira, 25 de [&hellip;]<\/p>\n","protected":false},"author":1,"featured_media":26880,"comment_status":"open","ping_status":"closed","sticky":false,"template":"","format":"standard","meta":{"amp_status":"","footnotes":""},"categories":[6],"tags":[483,6895,2101,164],"class_list":["post-27214","post","type-post","status-publish","format-standard","has-post-thumbnail","hentry","category-br","tag-coronel-murta","tag-ocorrencias-registradas-pela-policia-militar-da-regiao-dos-vales","tag-santana-do-paraiso","tag-teofilo-otoni"],"_links":{"self":[{"href":"https:\/\/aconteceunovale.com.br\/portal\/index.php?rest_route=\/wp\/v2\/posts\/27214","targetHints":{"allow":["GET"]}}],"collection":[{"href":"https:\/\/aconteceunovale.com.br\/portal\/index.php?rest_route=\/wp\/v2\/posts"}],"about":[{"href":"https:\/\/aconteceunovale.com.br\/portal\/index.php?rest_route=\/wp\/v2\/types\/post"}],"author":[{"embeddable":true,"href":"https:\/\/aconteceunovale.com.br\/portal\/index.php?rest_route=\/wp\/v2\/users\/1"}],"replies":[{"embeddable":true,"href":"https:\/\/aconteceunovale.com.br\/portal\/index.php?rest_route=%2Fwp%2Fv2%2Fcomments&post=27214"}],"version-history":[{"count":0,"href":"https:\/\/aconteceunovale.com.br\/portal\/index.php?rest_route=\/wp\/v2\/posts\/27214\/revisions"}],"wp:featuredmedia":[{"embeddable":true,"href":"https:\/\/aconteceunovale.com.br\/portal\/index.php?rest_route=\/wp\/v2\/media\/26880"}],"wp:attachment":[{"href":"https:\/\/aconteceunovale.com.br\/portal\/index.php?rest_route=%2Fwp%2Fv2%2Fmedia&parent=27214"}],"wp:term":[{"taxonomy":"category","embeddable":true,"href":"https:\/\/aconteceunovale.com.br\/portal\/index.php?rest_route=%2Fwp%2Fv2%2Fcategories&post=27214"},{"taxonomy":"post_tag","embeddable":true,"href":"https:\/\/aconteceunovale.com.br\/portal\/index.php?rest_route=%2Fwp%2Fv2%2Ftags&post=27214"}],"curies":[{"name":"wp","href":"https:\/\/api.w.org\/{rel}","templated":true}]}}