{"id":27211,"date":"2014-04-25T10:21:57","date_gmt":"2014-04-25T13:21:57","guid":{"rendered":"http:\/\/aconteceunovale.com.br\/portal\/?p=27211"},"modified":"2014-04-25T10:21:57","modified_gmt":"2014-04-25T13:21:57","slug":"bombeiros-capturam-filhote-de-jacare-e-iguana-em-minas-gerais","status":"publish","type":"post","link":"https:\/\/aconteceunovale.com.br\/portal\/?p=27211","title":{"rendered":"Bombeiros capturam filhote de jacar\u00e9 e iguana em Minas Gerais"},"content":{"rendered":"<h4><strong>O jacar\u00e9 foi achado dentro de uma caixa d&#8217;\u00e1gua subterr\u00e2nea em Corinto. A iguana estava numa casa de Janu\u00e1ria<\/strong><\/h4>\n<p><img decoding=\"async\" src=\"http:\/\/aconteceunovale.com.br\/portal\/wp-content\/uploads\/2014\/04\/animais_capturados_bmmg_25_04.jpg\" alt=\"\" \/><em>(Foto: Divulga\u00e7\u00e3o Corpo de Bombeiros)<\/em><br \/>\n<\/br><\/p>\n<p>Os bombeiros do 2\u00ba Pelot\u00e3o de Curvelo capturaram nesta quinta-feira um filhote de Jacar\u00e9 de aproximadamente 1,5 metro de comprimento, na zona rural da cidade de Corinto, Regi\u00e3o Central de minas. O animal estava dentro de uma caixa d\u00b4\u00e1gua subterr\u00e2nea, de aproximadamente dois metros de profundidade localizada em uma \u00e1rea agr\u00edcola. Os militares conseguiram capturar o Jacar\u00e9 sem ferimentos e o soltaram em uma \u00e1rea de preserva\u00e7\u00e3o ambiental. <\/p>\n<p>No mesmo dia, em Janu\u00e1ria, Norte de Minas Gerais, os bombeiros do 7\u00ba Pelot\u00e3o capturaram uma iguana de 1,2 metro de comprimento que estava em uma casa no Centro da cidade. Ap\u00f3s a captura, o animal, que n\u00e3o apresentava ferimentos, tamb\u00e9m foi solto em uma \u00e1rea de preserva\u00e7\u00e3o ambiental.<\/p>\n","protected":false},"excerpt":{"rendered":"<p>O jacar\u00e9 foi achado dentro de uma caixa d&#8217;\u00e1gua subterr\u00e2nea em Corinto. A iguana estava numa casa de Janu\u00e1ria (Foto: Divulga\u00e7\u00e3o Corpo de Bombeiros) Os bombeiros do 2\u00ba Pelot\u00e3o de Curvelo capturaram nesta quinta-feira um filhote de Jacar\u00e9 de aproximadamente 1,5 metro de comprimento, na zona rural da cidade de Corinto, Regi\u00e3o Central de minas. [&hellip;]<\/p>\n","protected":false},"author":1,"featured_media":27212,"comment_status":"open","ping_status":"closed","sticky":false,"template":"","format":"standard","meta":{"amp_status":"","footnotes":""},"categories":[123],"tags":[6894,1534,205],"class_list":["post-27211","post","type-post","status-publish","format-standard","has-post-thumbnail","hentry","category-gerais","tag-bombeiros-capturam-filhote-de-jacare-e-iguana-em-minas-gerais","tag-corinto","tag-januaria"],"_links":{"self":[{"href":"https:\/\/aconteceunovale.com.br\/portal\/index.php?rest_route=\/wp\/v2\/posts\/27211","targetHints":{"allow":["GET"]}}],"collection":[{"href":"https:\/\/aconteceunovale.com.br\/portal\/index.php?rest_route=\/wp\/v2\/posts"}],"about":[{"href":"https:\/\/aconteceunovale.com.br\/portal\/index.php?rest_route=\/wp\/v2\/types\/post"}],"author":[{"embeddable":true,"href":"https:\/\/aconteceunovale.com.br\/portal\/index.php?rest_route=\/wp\/v2\/users\/1"}],"replies":[{"embeddable":true,"href":"https:\/\/aconteceunovale.com.br\/portal\/index.php?rest_route=%2Fwp%2Fv2%2Fcomments&post=27211"}],"version-history":[{"count":0,"href":"https:\/\/aconteceunovale.com.br\/portal\/index.php?rest_route=\/wp\/v2\/posts\/27211\/revisions"}],"wp:featuredmedia":[{"embeddable":true,"href":"https:\/\/aconteceunovale.com.br\/portal\/index.php?rest_route=\/wp\/v2\/media\/27212"}],"wp:attachment":[{"href":"https:\/\/aconteceunovale.com.br\/portal\/index.php?rest_route=%2Fwp%2Fv2%2Fmedia&parent=27211"}],"wp:term":[{"taxonomy":"category","embeddable":true,"href":"https:\/\/aconteceunovale.com.br\/portal\/index.php?rest_route=%2Fwp%2Fv2%2Fcategories&post=27211"},{"taxonomy":"post_tag","embeddable":true,"href":"https:\/\/aconteceunovale.com.br\/portal\/index.php?rest_route=%2Fwp%2Fv2%2Ftags&post=27211"}],"curies":[{"name":"wp","href":"https:\/\/api.w.org\/{rel}","templated":true}]}}