{"id":27196,"date":"2014-04-24T23:43:37","date_gmt":"2014-04-25T02:43:37","guid":{"rendered":"http:\/\/aconteceunovale.com.br\/portal\/?p=27196"},"modified":"2014-04-24T23:43:37","modified_gmt":"2014-04-25T02:43:37","slug":"prefeitura-de-jaiba-tera-que-adotar-medidas-de-seguranca-para-festa-da-banana","status":"publish","type":"post","link":"https:\/\/aconteceunovale.com.br\/portal\/?p=27196","title":{"rendered":"Prefeitura de Ja\u00edba ter\u00e1 que adotar medidas de seguran\u00e7a para Festa da Banana"},"content":{"rendered":"<p>Um Termo de Ajustamento de Conduta (TAC) firmado entre o Minist\u00e9rio P\u00fablico e a prefeitura de Ja\u00edba, no Norte de Minas, prev\u00ea algumas medidas de seguran\u00e7a para a realiza\u00e7\u00e3o da Festa da Banana. O evento acontecer\u00e1 nos dias 26 de abril e 3 e 4 de maio, em comemora\u00e7\u00e3o ao anivers\u00e1rio do munic\u00edpio.<\/p>\n<p>Segundo o MP, a prefeitura ter\u00e1 que conseguir um alvar\u00e1 de funcionamento junto ao Corpo de Bombeiros e uma autoriza\u00e7\u00e3o na Justi\u00e7a de Inf\u00e2ncia e Juventude impedindo a entrada de menores de 16 anos desacompanhados dos pais ou respons\u00e1veis. Um aviso dever\u00e1 informar a popula\u00e7\u00e3o sobre essa restri\u00e7\u00e3o. Al\u00e9m disso, o acordo prev\u00ea que a prefeitura divulgue em bares avisos sobre a proibi\u00e7\u00e3o da venda de bebida alco\u00f3lica a menores. <\/p>\n<p>Um ambulat\u00f3rio tamb\u00e9m precisa ser instalado no local do evento e uma empresa deve ser contratada para fazer a seguran\u00e7a, coibir a venda de bebida alco\u00f3lica a menores, reprimir o uso de entorpecentes na festa e encaminhar os infratores \u00e0 pol\u00edcia. Os seguran\u00e7as ainda informar\u00e3o os participantes sobre a proibi\u00e7\u00e3o de som automotivo alto.<\/p>\n<p>Segundo o TAC, a prefeitura se compromete ainda a destinar um espa\u00e7o no local do evento para abrigar a Pol\u00edcia Militar e o Conselho Tutelar. Os jogos de azar dentro do parque de exposi\u00e7\u00f5es tamb\u00e9m devem ser proibidos pelo Poder P\u00fablico. J\u00e1 para o evento de motocross que ser\u00e1 realizado no dia 4, dentro das festividades, ser\u00e1 necess\u00e1rio instalar equipamentos para isolar o p\u00fablico em rela\u00e7\u00e3o \u00e0 pista onde ocorrer\u00e1 a competi\u00e7\u00e3o.<\/p>\n<p>Em caso de descumprimento do TAC, a prefeitura ter\u00e1 que pagar uma multa di\u00e1ria de R$ 50 mil por cl\u00e1usula desconsiderada.<\/p>\n","protected":false},"excerpt":{"rendered":"<p>Um Termo de Ajustamento de Conduta (TAC) firmado entre o Minist\u00e9rio P\u00fablico e a prefeitura de Ja\u00edba, no Norte de Minas, prev\u00ea algumas medidas de seguran\u00e7a para a realiza\u00e7\u00e3o da Festa da Banana. O evento acontecer\u00e1 nos dias 26 de abril e 3 e 4 de maio, em comemora\u00e7\u00e3o ao anivers\u00e1rio do munic\u00edpio. Segundo o [&hellip;]<\/p>\n","protected":false},"author":1,"featured_media":27197,"comment_status":"open","ping_status":"closed","sticky":false,"template":"","format":"standard","meta":{"amp_status":"","footnotes":""},"categories":[125],"tags":[6886,6887,1058,6885],"class_list":["post-27196","post","type-post","status-publish","format-standard","has-post-thumbnail","hentry","category-noticias","tag-festa-da-banana","tag-festa-da-banana-da-jaiba","tag-jaiba","tag-prefeitura-de-jaiba-tera-que-adotar-medidas-de-seguranca-para-festa-da-banana"],"_links":{"self":[{"href":"https:\/\/aconteceunovale.com.br\/portal\/index.php?rest_route=\/wp\/v2\/posts\/27196","targetHints":{"allow":["GET"]}}],"collection":[{"href":"https:\/\/aconteceunovale.com.br\/portal\/index.php?rest_route=\/wp\/v2\/posts"}],"about":[{"href":"https:\/\/aconteceunovale.com.br\/portal\/index.php?rest_route=\/wp\/v2\/types\/post"}],"author":[{"embeddable":true,"href":"https:\/\/aconteceunovale.com.br\/portal\/index.php?rest_route=\/wp\/v2\/users\/1"}],"replies":[{"embeddable":true,"href":"https:\/\/aconteceunovale.com.br\/portal\/index.php?rest_route=%2Fwp%2Fv2%2Fcomments&post=27196"}],"version-history":[{"count":0,"href":"https:\/\/aconteceunovale.com.br\/portal\/index.php?rest_route=\/wp\/v2\/posts\/27196\/revisions"}],"wp:featuredmedia":[{"embeddable":true,"href":"https:\/\/aconteceunovale.com.br\/portal\/index.php?rest_route=\/wp\/v2\/media\/27197"}],"wp:attachment":[{"href":"https:\/\/aconteceunovale.com.br\/portal\/index.php?rest_route=%2Fwp%2Fv2%2Fmedia&parent=27196"}],"wp:term":[{"taxonomy":"category","embeddable":true,"href":"https:\/\/aconteceunovale.com.br\/portal\/index.php?rest_route=%2Fwp%2Fv2%2Fcategories&post=27196"},{"taxonomy":"post_tag","embeddable":true,"href":"https:\/\/aconteceunovale.com.br\/portal\/index.php?rest_route=%2Fwp%2Fv2%2Ftags&post=27196"}],"curies":[{"name":"wp","href":"https:\/\/api.w.org\/{rel}","templated":true}]}}