{"id":27188,"date":"2014-04-24T23:32:32","date_gmt":"2014-04-25T02:32:32","guid":{"rendered":"http:\/\/aconteceunovale.com.br\/portal\/?p=27188"},"modified":"2014-04-24T23:32:32","modified_gmt":"2014-04-25T02:32:32","slug":"corpo-de-menor-desaparecido-e-encontrado-na-zona-rural-de-pote","status":"publish","type":"post","link":"https:\/\/aconteceunovale.com.br\/portal\/?p=27188","title":{"rendered":"Corpo de menor desaparecido \u00e9 encontrado na zona rural de Pot\u00e9"},"content":{"rendered":"<p>O corpo de um adolescente de 16 anos, que se encontrava desaparecido desde o dia 20\/04, foi localizado por populares na tarde desta quinta-feira, 24 de abril as margens da rodovia MG 217, na Zona Rural de Pot\u00e9\/MG.<\/p>\n<p>Em um registro no quartel da Pol\u00edcia Militar da cidade, a tia do jovem relatou que o menor Lucas Teixeira Maia, saiu de casa no domingo (20), dizendo que iria passear na Pra\u00e7a Frei Gaspar. Na ocasi\u00e3o ele utilizava como transporte uma bicicleta. <\/p>\n<p>Segundo informa\u00e7\u00f5es de populares, duas pessoas em uma motocicleta estariam procurando a v\u00edtima. Ele teria sido visto pela \u00faltima vez por volta das 22 horas e 30 minutos. <\/p>\n<p>A bicicleta do jovem foi encontrada abandonada na segunda-feira (21), as buscas continuaram, mas sem sucesso. Somente na tarde desta quinta-feira (24), o corpo foi localizado por populares, que acionaram a PM e informaram a exist\u00eancia de um cad\u00e1ver em avan\u00e7ado estado de putrefa\u00e7\u00e3o a cerca de 15 quil\u00f4metros de Pot\u00e9, sentido Malacacheta.<\/p>\n<p>O Instituto M\u00e9dico Legal foi acionado para os procedimentos de praxe. Compareceram ao Local o perito Rondinelle Gomes Xavero e seu auxiliar Edu Souza, onde fizeram os levantamentos periciais e logo ap\u00f3s o corpo recolhido pelo agente Francisco Couy e encaminhado para necropsia, onde o legista Denio Soares constatou quatro perfura\u00e7\u00f5es por projetil de arma de fogo na cabe\u00e7a. Foi constatado tamb\u00e9m que a v\u00edtima sofreu tortura, j\u00e1 que foi encontrado com as m\u00e3os amarradas para tr\u00e1s e apresentava mais de 48 horas de morte.<\/p>\n<p>A causa da morte foi um traumatismo craniano. O caso foi entregue a DEPOL de Pot\u00e9 e ser\u00e1 investigado pelo delegado Rachid Aref.<\/p>\n<p><strong>GALERIA DE FOTOS:<\/strong><br \/>\n<em>(Fotos: Francisco Couy\/IML)<\/em><\/p>\n<p><img decoding=\"async\" src=\"http:\/\/aconteceunovale.com.br\/portal\/wp-content\/uploads\/2014\/04\/encontrado_morto_em_pote_24_04_1.jpg\" alt=\"\" \/><br \/>\n<img decoding=\"async\" src=\"http:\/\/aconteceunovale.com.br\/portal\/wp-content\/uploads\/2014\/04\/encontrado_morto_em_pote_24_04_2.jpg\" alt=\"\" \/><br \/>\n<div id='gallery-1' class='gallery galleryid-27188 gallery-columns-4 gallery-size-thumbnail'><figure class='gallery-item'>\n\t\t\t<div class='gallery-icon landscape'>\n\t\t\t\t<a href='https:\/\/aconteceunovale.com.br\/portal\/wp-content\/uploads\/2014\/04\/encontrado_morto_em_pote_24_04_7.jpg'><img loading=\"lazy\" decoding=\"async\" width=\"150\" height=\"150\" src=\"https:\/\/aconteceunovale.com.br\/portal\/wp-content\/uploads\/2014\/04\/encontrado_morto_em_pote_24_04_7-150x150.jpg\" class=\"attachment-thumbnail size-thumbnail\" alt=\"\" \/><\/a>\n\t\t\t<\/div><\/figure><figure class='gallery-item'>\n\t\t\t<div class='gallery-icon landscape'>\n\t\t\t\t<a href='https:\/\/aconteceunovale.com.br\/portal\/wp-content\/uploads\/2014\/04\/encontrado_morto_em_pote_24_04_6.jpg'><img loading=\"lazy\" decoding=\"async\" width=\"150\" height=\"150\" src=\"https:\/\/aconteceunovale.com.br\/portal\/wp-content\/uploads\/2014\/04\/encontrado_morto_em_pote_24_04_6-150x150.jpg\" class=\"attachment-thumbnail size-thumbnail\" alt=\"\" \/><\/a>\n\t\t\t<\/div><\/figure><figure class='gallery-item'>\n\t\t\t<div class='gallery-icon landscape'>\n\t\t\t\t<a href='https:\/\/aconteceunovale.com.br\/portal\/wp-content\/uploads\/2014\/04\/encontrado_morto_em_pote_24_04_5.jpg'><img loading=\"lazy\" decoding=\"async\" width=\"150\" height=\"150\" src=\"https:\/\/aconteceunovale.com.br\/portal\/wp-content\/uploads\/2014\/04\/encontrado_morto_em_pote_24_04_5-150x150.jpg\" class=\"attachment-thumbnail size-thumbnail\" alt=\"\" \/><\/a>\n\t\t\t<\/div><\/figure><figure class='gallery-item'>\n\t\t\t<div class='gallery-icon landscape'>\n\t\t\t\t<a href='https:\/\/aconteceunovale.com.br\/portal\/wp-content\/uploads\/2014\/04\/encontrado_morto_em_pote_24_04_4.jpg'><img loading=\"lazy\" decoding=\"async\" width=\"150\" height=\"150\" src=\"https:\/\/aconteceunovale.com.br\/portal\/wp-content\/uploads\/2014\/04\/encontrado_morto_em_pote_24_04_4-150x150.jpg\" class=\"attachment-thumbnail size-thumbnail\" alt=\"\" \/><\/a>\n\t\t\t<\/div><\/figure>\n\t\t<\/div>\n<\/p>\n","protected":false},"excerpt":{"rendered":"<p>O corpo de um adolescente de 16 anos, que se encontrava desaparecido desde o dia 20\/04, foi localizado por populares na tarde desta quinta-feira, 24 de abril as margens da rodovia MG 217, na Zona Rural de Pot\u00e9\/MG. Em um registro no quartel da Pol\u00edcia Militar da cidade, a tia do jovem relatou que o [&hellip;]<\/p>\n","protected":false},"author":1,"featured_media":27194,"comment_status":"open","ping_status":"closed","sticky":false,"template":"","format":"standard","meta":{"amp_status":"","footnotes":""},"categories":[122],"tags":[6884,1018,3139],"class_list":["post-27188","post","type-post","status-publish","format-standard","has-post-thumbnail","hentry","category-mucuri","tag-corpo-de-menor-desaparecido-e-encontrado-na-zona-rural-de-pote","tag-destaque","tag-pote"],"_links":{"self":[{"href":"https:\/\/aconteceunovale.com.br\/portal\/index.php?rest_route=\/wp\/v2\/posts\/27188","targetHints":{"allow":["GET"]}}],"collection":[{"href":"https:\/\/aconteceunovale.com.br\/portal\/index.php?rest_route=\/wp\/v2\/posts"}],"about":[{"href":"https:\/\/aconteceunovale.com.br\/portal\/index.php?rest_route=\/wp\/v2\/types\/post"}],"author":[{"embeddable":true,"href":"https:\/\/aconteceunovale.com.br\/portal\/index.php?rest_route=\/wp\/v2\/users\/1"}],"replies":[{"embeddable":true,"href":"https:\/\/aconteceunovale.com.br\/portal\/index.php?rest_route=%2Fwp%2Fv2%2Fcomments&post=27188"}],"version-history":[{"count":0,"href":"https:\/\/aconteceunovale.com.br\/portal\/index.php?rest_route=\/wp\/v2\/posts\/27188\/revisions"}],"wp:featuredmedia":[{"embeddable":true,"href":"https:\/\/aconteceunovale.com.br\/portal\/index.php?rest_route=\/wp\/v2\/media\/27194"}],"wp:attachment":[{"href":"https:\/\/aconteceunovale.com.br\/portal\/index.php?rest_route=%2Fwp%2Fv2%2Fmedia&parent=27188"}],"wp:term":[{"taxonomy":"category","embeddable":true,"href":"https:\/\/aconteceunovale.com.br\/portal\/index.php?rest_route=%2Fwp%2Fv2%2Fcategories&post=27188"},{"taxonomy":"post_tag","embeddable":true,"href":"https:\/\/aconteceunovale.com.br\/portal\/index.php?rest_route=%2Fwp%2Fv2%2Ftags&post=27188"}],"curies":[{"name":"wp","href":"https:\/\/api.w.org\/{rel}","templated":true}]}}