{"id":27185,"date":"2014-04-24T23:01:07","date_gmt":"2014-04-25T02:01:07","guid":{"rendered":"http:\/\/aconteceunovale.com.br\/portal\/?p=27185"},"modified":"2014-04-24T23:01:07","modified_gmt":"2014-04-25T02:01:07","slug":"dani-morais-se-apresenta-na-sexta-cultural-em-conceicao-do-mato-dentro","status":"publish","type":"post","link":"https:\/\/aconteceunovale.com.br\/portal\/?p=27185","title":{"rendered":"Dani Morais se apresenta na Sexta Cultural em Concei\u00e7\u00e3o do Mato Dentro"},"content":{"rendered":"<p>A pr\u00f3xima sexta cultural, que acontece no dia 25, tem atra\u00e7\u00e3o vinda diretamente da Globo. <\/p>\n<p>A cantora Dani Morais \u00e9 um dos destaques do programa \u201cThe Voice 2012\u201d, tendo chegado \u00e0 etapa semifinal pelo time de Carlinhos Brown, e tamb\u00e9m esteve entre as cinco melhores no \u201c\u00cddolos 2009\u201d, transmitido pela Record. Dani vem conquistando a todos porque sabe unir talento com carisma.<\/p>\n<p>Natural de Pedra Azul, a mineira despertou sua paix\u00e3o pela m\u00fasica ainda na inf\u00e2ncia, quando elegeu o viol\u00e3o seu brinquedo predileto. Aos 17 anos ingressou no curso de Artes com \u00eanfase em M\u00fasica e \u00e9 graduada em canto l\u00edrico. No decorrer de sua carreira, conquistou pr\u00eamios em diversos festivais, inclusive com m\u00fasicas de sua pr\u00f3pria autoria.<\/p>\n<p><img decoding=\"async\" src=\"http:\/\/aconteceunovale.com.br\/portal\/wp-content\/uploads\/2014\/04\/dani_moraes_cmd.jpg\" alt=\"\" \/><\/p>\n","protected":false},"excerpt":{"rendered":"<p>A pr\u00f3xima sexta cultural, que acontece no dia 25, tem atra\u00e7\u00e3o vinda diretamente da Globo. A cantora Dani Morais \u00e9 um dos destaques do programa \u201cThe Voice 2012\u201d, tendo chegado \u00e0 etapa semifinal pelo time de Carlinhos Brown, e tamb\u00e9m esteve entre as cinco melhores no \u201c\u00cddolos 2009\u201d, transmitido pela Record. Dani vem conquistando a [&hellip;]<\/p>\n","protected":false},"author":1,"featured_media":27186,"comment_status":"open","ping_status":"closed","sticky":false,"template":"","format":"standard","meta":{"amp_status":"","footnotes":""},"categories":[125],"tags":[628,6883],"class_list":["post-27185","post","type-post","status-publish","format-standard","has-post-thumbnail","hentry","category-noticias","tag-conceicao-do-mato-dentro","tag-dani-morais-se-apresenta-na-sexta-cultural-em-conceicao-do-mato-dentro"],"_links":{"self":[{"href":"https:\/\/aconteceunovale.com.br\/portal\/index.php?rest_route=\/wp\/v2\/posts\/27185","targetHints":{"allow":["GET"]}}],"collection":[{"href":"https:\/\/aconteceunovale.com.br\/portal\/index.php?rest_route=\/wp\/v2\/posts"}],"about":[{"href":"https:\/\/aconteceunovale.com.br\/portal\/index.php?rest_route=\/wp\/v2\/types\/post"}],"author":[{"embeddable":true,"href":"https:\/\/aconteceunovale.com.br\/portal\/index.php?rest_route=\/wp\/v2\/users\/1"}],"replies":[{"embeddable":true,"href":"https:\/\/aconteceunovale.com.br\/portal\/index.php?rest_route=%2Fwp%2Fv2%2Fcomments&post=27185"}],"version-history":[{"count":0,"href":"https:\/\/aconteceunovale.com.br\/portal\/index.php?rest_route=\/wp\/v2\/posts\/27185\/revisions"}],"wp:featuredmedia":[{"embeddable":true,"href":"https:\/\/aconteceunovale.com.br\/portal\/index.php?rest_route=\/wp\/v2\/media\/27186"}],"wp:attachment":[{"href":"https:\/\/aconteceunovale.com.br\/portal\/index.php?rest_route=%2Fwp%2Fv2%2Fmedia&parent=27185"}],"wp:term":[{"taxonomy":"category","embeddable":true,"href":"https:\/\/aconteceunovale.com.br\/portal\/index.php?rest_route=%2Fwp%2Fv2%2Fcategories&post=27185"},{"taxonomy":"post_tag","embeddable":true,"href":"https:\/\/aconteceunovale.com.br\/portal\/index.php?rest_route=%2Fwp%2Fv2%2Ftags&post=27185"}],"curies":[{"name":"wp","href":"https:\/\/api.w.org\/{rel}","templated":true}]}}