{"id":27138,"date":"2014-04-24T12:15:21","date_gmt":"2014-04-24T15:15:21","guid":{"rendered":"http:\/\/aconteceunovale.com.br\/portal\/?p=27138"},"modified":"2014-04-24T12:15:21","modified_gmt":"2014-04-24T15:15:21","slug":"feira-de-artesanato-do-vale-do-jequitinhonha-reune-artesaos-de-22-municipios","status":"publish","type":"post","link":"https:\/\/aconteceunovale.com.br\/portal\/?p=27138","title":{"rendered":"Feira de Artesanato do Vale do Jequitinhonha re\u00fane artes\u00e3os de 22 munic\u00edpios"},"content":{"rendered":"<p>Entre os dias 5 e 10 de maio, a Pra\u00e7a de Servi\u00e7os do Campus Pampulha da UFMG receber\u00e1 a Feira de Artesanato do Vale do Jequitinhonha, que este ano chega \u00e0 d\u00e9cima quinta edi\u00e7\u00e3o. Durante o evento, ser\u00e3o montados os tradicionais estandes das associa\u00e7\u00f5es de artes\u00e3os da regi\u00e3o, com pe\u00e7as de decora\u00e7\u00e3o, roupas e acess\u00f3rios produzidos em 22 munic\u00edpios.<\/p>\n<p>A feira \u00e9 uma a\u00e7\u00e3o do projeto Artesanato Cooperativo, que integra o eixo de gera\u00e7\u00e3o de ocupa\u00e7\u00e3o e renda do Programa Polo de Integra\u00e7\u00e3o da UFMG no Vale do Jequitinhonha, e tem o objetivo de criar oportunidades de neg\u00f3cio para o artesanato produzido na regi\u00e3o. Al\u00e9m da feira, haver\u00e1 uma homenagem aos mestres ceramistas Ulisses Mendes, de Itinga, e Noemiza Batista, de Cara\u00ed.<\/p>\n<p>Atra\u00e7\u00f5es culturais tamb\u00e9m comp\u00f5em a programa\u00e7\u00e3o do evento. Participam os grupos Boi de Janeiro e Nega Maluca de Maria Trov\u00e3o, de Itaobim; o Grupo Converso e o Coral Flor de Liz, de Itinga, e o grupo musical Cataventor\u00e9. Tamb\u00e9m ser\u00e3o exibidos document\u00e1rios sobre os mestres homenageados em outras edi\u00e7\u00f5es e a obra Os meninos e o boi, que narra a hist\u00f3ria da Folia de Reis em Rubim.<\/p>\n<h4><strong>Hist\u00f3rico<\/strong><\/h4>\n<p>A Pr\u00f3-reitoria de Extens\u00e3o, por meio do Polo Jequitinhonha, realizou em 2000 a primeira Feira de Artesanato. Desde ent\u00e3o, o evento acontece anualmente na Pra\u00e7a de Servi\u00e7os, sendo que em 2001 tornou-se atividade permanente do calend\u00e1rio da UFMG. O evento \u00e9 agendado para a semana que antecede o Dia das M\u00e3es, por ser uma ocasi\u00e3o que movimenta o com\u00e9rcio e aumenta o volume de vendas.<\/p>\n<p>Outras informa\u00e7\u00f5es est\u00e3o dispon\u00edveis pelo telefone (31) 3409-4067 ou no endere\u00e7o eletr\u00f4nico polojequitinhonhaufmg@gmail.com.<\/p>\n<h4><strong>Confira a programa\u00e7\u00e3o:<\/strong><\/h4>\n<p>5 a 10\/5 &#8211; Feira na Pra\u00e7a de Servi\u00e7os: segunda a sexta-feira, das 9h \u00e0s 18h e s\u00e1bado, de 9h \u00e0s 14h<\/p>\n<p>5 a 9\/5 &#8211; Exposi\u00e7\u00e3o Noemisa: vida e obra<br \/>\n5 a 7\/5 &#8211; Aulas abertas com Mestre Ulisses na Escola de Belas Artes<\/p>\n<p>Dia 6<br \/>\n12h30 &#8211; Grupo Teatral Conversos (Cara\u00ed)<br \/>\nLan\u00e7amentos dos document\u00e1rios: Mestra Dona Pretinha (Itaobim) e Os meninos e o boi (Rubim)<\/p>\n<p>Dia 7<br \/>\n12h30 &#8211; Grupo Cataventor\u00e9<br \/>\nLan\u00e7amentos dos document\u00e1rios: Mestra Dona Ana do Ba\u00fa (Minas Novas) e Mestra Dona Geralda Leite (Francisco Badar\u00f3);<\/p>\n<p>Dia 8<br \/>\n17h &#8211; Homenagem aos Mestres<br \/>\nLan\u00e7amentos dos document\u00e1rios: Mestre Ulisses Mendes (Itinga). Mestra Noemisa Batista (Cara\u00ed); 18h Coral Flor de Liz (Itinga)<\/p>\n<p>Dia 9<br \/>\n10h &#8211; Bate papo com Mestre Ulisses &#8211; Pra\u00e7a de Servi\u00e7os<br \/>\n12h30 &#8211; Boi Janeiro de Maria Trov\u00e3o (Itaobim)<br \/>\nLan\u00e7amentos dos document\u00e1rios: Mestra Dona Zizi (Jequitinhonha) e Fam\u00edlia Pereira (Cara\u00ed)<\/p>\n<p><em>(Via Assessoria de Comunica\u00e7\u00e3o do Polo Jequitinhonha &#8211; UFMG)<\/em><\/p>\n","protected":false},"excerpt":{"rendered":"<p>Entre os dias 5 e 10 de maio, a Pra\u00e7a de Servi\u00e7os do Campus Pampulha da UFMG receber\u00e1 a Feira de Artesanato do Vale do Jequitinhonha, que este ano chega \u00e0 d\u00e9cima quinta edi\u00e7\u00e3o. Durante o evento, ser\u00e3o montados os tradicionais estandes das associa\u00e7\u00f5es de artes\u00e3os da regi\u00e3o, com pe\u00e7as de decora\u00e7\u00e3o, roupas e acess\u00f3rios [&hellip;]<\/p>\n","protected":false},"author":1,"featured_media":27139,"comment_status":"open","ping_status":"closed","sticky":false,"template":"","format":"standard","meta":{"amp_status":"","footnotes":""},"categories":[120],"tags":[6865,6864],"class_list":["post-27138","post","type-post","status-publish","format-standard","has-post-thumbnail","hentry","category-jequi","tag-feira-de-artesanato-do-vale-do-jequitinhonha","tag-feira-de-artesanato-do-vale-do-jequitinhonha-reune-artesaos-de-22-municipios"],"_links":{"self":[{"href":"https:\/\/aconteceunovale.com.br\/portal\/index.php?rest_route=\/wp\/v2\/posts\/27138","targetHints":{"allow":["GET"]}}],"collection":[{"href":"https:\/\/aconteceunovale.com.br\/portal\/index.php?rest_route=\/wp\/v2\/posts"}],"about":[{"href":"https:\/\/aconteceunovale.com.br\/portal\/index.php?rest_route=\/wp\/v2\/types\/post"}],"author":[{"embeddable":true,"href":"https:\/\/aconteceunovale.com.br\/portal\/index.php?rest_route=\/wp\/v2\/users\/1"}],"replies":[{"embeddable":true,"href":"https:\/\/aconteceunovale.com.br\/portal\/index.php?rest_route=%2Fwp%2Fv2%2Fcomments&post=27138"}],"version-history":[{"count":0,"href":"https:\/\/aconteceunovale.com.br\/portal\/index.php?rest_route=\/wp\/v2\/posts\/27138\/revisions"}],"wp:featuredmedia":[{"embeddable":true,"href":"https:\/\/aconteceunovale.com.br\/portal\/index.php?rest_route=\/wp\/v2\/media\/27139"}],"wp:attachment":[{"href":"https:\/\/aconteceunovale.com.br\/portal\/index.php?rest_route=%2Fwp%2Fv2%2Fmedia&parent=27138"}],"wp:term":[{"taxonomy":"category","embeddable":true,"href":"https:\/\/aconteceunovale.com.br\/portal\/index.php?rest_route=%2Fwp%2Fv2%2Fcategories&post=27138"},{"taxonomy":"post_tag","embeddable":true,"href":"https:\/\/aconteceunovale.com.br\/portal\/index.php?rest_route=%2Fwp%2Fv2%2Ftags&post=27138"}],"curies":[{"name":"wp","href":"https:\/\/api.w.org\/{rel}","templated":true}]}}