{"id":27131,"date":"2014-04-24T11:59:11","date_gmt":"2014-04-24T14:59:11","guid":{"rendered":"http:\/\/aconteceunovale.com.br\/portal\/?p=27131"},"modified":"2014-04-24T11:59:11","modified_gmt":"2014-04-24T14:59:11","slug":"capitao-eneas-e-matias-cardoso-tem-situacao-de-emergencia-homologada","status":"publish","type":"post","link":"https:\/\/aconteceunovale.com.br\/portal\/?p=27131","title":{"rendered":"Capit\u00e3o En\u00e9as e Matias Cardoso t\u00eam situa\u00e7\u00e3o de emerg\u00eancia homologada"},"content":{"rendered":"<h4><strong>Portaria foi publicada no Di\u00e1rio Oficial da Uni\u00e3o desta quinta (24). Munic\u00edpios do Norte de Minas sofrem com a pior estiagem dos \u00faltimos anos.<\/strong><\/h4>\n<p>Os munic\u00edpios de Capit\u00e3o En\u00e9as e Matias Cardoso, no Norte de Minas Gerais, tiveram a situa\u00e7\u00e3o de emerg\u00eancia reconhecida pela Secretaria Nacional de Prote\u00e7\u00e3o e Defesa Civil do Minist\u00e9rio da Integra\u00e7\u00e3o. As cidades est\u00e3o entre as que sofrem com uma das piores estiagens dos \u00faltimos anos na regi\u00e3o. A portaria foi publicada no Di\u00e1rio Oficial Uni\u00e3o desta quinta-feira (24).<\/p>\n<p>De acordo com as informa\u00e7\u00f5es da Defesa Civil de Minas Gerais, Capit\u00e3o En\u00e9as e Matias Cardoso est\u00e3o entre os 81 munic\u00edpios que decretaram situa\u00e7\u00e3o emerg\u00eancia em 2014 no estado, devido \u00e0 seca. <\/p>\n<p>Em Capit\u00e3o En\u00e9as muitas das planta\u00e7\u00f5es morreram por causa da m\u00e1 distribui\u00e7\u00e3o das chuvas, que apenas no m\u00eas de novembro chegaram a 177 mil\u00edmetros, enquanto em janeiro, fevereiro e mar\u00e7o, ficaram em 150 mm. <\/p>\n<p>Dos 1.500 hectares de milho plantados em Capit\u00e3o En\u00e9as, 90% foram perdidos, um preju\u00edzo de mais de R$ 1 milh\u00e3o. A colheita, que deveria ser de 2,4 toneladas por hectare, ficou em 240 quilos.<\/p>\n<p>&#8220;A minha ro\u00e7a d\u00e1 milho entre fevereiro e mar\u00e7o, mas nos \u00faltimos tr\u00eas anos estou tendo muitos preju\u00edzos&#8221;, diz o agricultor Jos\u00e9 Roberto Soares.<\/p>\n<p>De acordo com a Empresa de Assist\u00eancia T\u00e9cnica e Extens\u00e3o Rural de Minas Gerais (Emater), pelo menos 73 agricultores j\u00e1 est\u00e3o recebendo a Bolsa Estiagem e 347 produtores ser\u00e3o contemplados com o Garantia-Safra. &#8220;Sem esses benef\u00edcios, os produtores n\u00e3o teriam renda&#8221;, afirma Rog\u00e9rio Max Ferreira, da Emater.<\/p>\n<p>Outra atividade que tamb\u00e9m sofre com os efeitos da estiagem \u00e9 a pecu\u00e1ria leiteira, que teve a produ\u00e7\u00e3o afetada pela metade; atualmente 10 mil litros s\u00e3o produzidos diariamente.<\/p>\n<p>As dificuldades est\u00e3o fazendo com que muitos produtores saiam do campo ou busquem outras formas de sustento.<\/p>\n<p>&#8220;A nossa vida est\u00e1 ficando cada vez mais dif\u00edcil, temos que sair das nossas propriedades para trabalhar em outros lugares, porque na ro\u00e7a n\u00e3o est\u00e1 dando mais&#8221;, lamenta Edilson Oliveira.<\/p>\n<p>Para amenizar as consequ\u00eancias da seca, foram criadas 57 barragens de pequeno porte na regi\u00e3o. &#8220;Como sofremos com a seca, essa \u00e1gua das barragens \u00e9 utilizada para os animais e tamb\u00e9m para irrigar pequenas \u00e1reas&#8221;, fala o Secret\u00e1rio de Agricultura, Carlos Roberto Ferreira. <\/p>\n<p>Dois carros-pipa garantem o abastecimento das comundiades rurais, e na zona urbana o abastecimento ainda est\u00e1 sendo feito normalmente. &#8220;Esse reconhecimento do Governo Federal nos d\u00e1 esperan\u00e7as. Precisamos de ajuda porque 70% das riquezas do munic\u00edpio s\u00e3o da agropecu\u00e1ria.&#8221;<\/p>\n<h4><strong>Situa\u00e7\u00e3o de Matias Cardoso<\/strong><\/h4>\n<p>Apesar de ser banhada pelos Rios S\u00e3o Francisco e Verde Grande, Matias Cardoso tamb\u00e9m sofre com os efeitos da seca, o abastecimento das comunidades rurais est\u00e1 sendo feito com dois carros-pipa da Prefeitura initerruptamente desde 2013. Al\u00e9m disso, as perdas na agricultura chegam quase a R$ 4 milh\u00f5es; o pasto dispon\u00edvel \u00e9 suficiente para alimentar o gado somente at\u00e9 junho.<\/p>\n<p>O Secret\u00e1rio de Administra\u00e7\u00e3o, Maur\u00e9lio Santos, diz que \u201co munic\u00edpio enfrenta o quarto ano consecutivo de estiagem, por isso toda ajuda pode fazer a diferen\u00e7a. Com a situa\u00e7\u00e3o homologada, teremos acesso a benef\u00edcios importantes e poderemos amenizar os efeitos da seca e o sofrimento da popula\u00e7\u00e3o.\u201d<\/p>\n<p>Cerca de 500 pequenos produtores rurais est\u00e3o recebendo o Garantia-Safra, benef\u00edcio destinado a quem sofre perdas devido a escassez ou excesso de chuvas. 77 barraginhas foram feitas e seis po\u00e7os foram perfurados, mas muitos dos que s\u00e3o utilizados est\u00e3o com os n\u00edveis baixos. Por enquanto o abastecimento da cidade ainda est\u00e1 normal.<\/p>\n<p>\u201cEstamos temerosos j\u00e1 que a agricultura e pecu\u00e1ria s\u00e3o fontes importantes de renda e geram grande parte dos empregos.\u201d<\/p>\n<p>Dados da Empresa de Assist\u00eancia T\u00e9cnica e Extens\u00e3o Rural de Minas Gerais (Emater)  apontam que de janeiro a mar\u00e7o choveu 160 mil\u00edmetros, o normal seriam 400.<\/p>\n<p>\u201cMuitos agricultores fazem as lavouras em novembro, em dezembro tivemos uma pluviosidade razo\u00e1vel, mas em janeiro e fevereiro n\u00e3o choveu quase nada, e a maioria das culturas plantadas morreram. As chuvas foram concentradas em dois meses e foram torrenciais, o solo n\u00e3o consegue absorver a \u00e1gua\u201d, diz C\u00e9sar Augusto  Dourado, da Emater.<\/p>\n<p>O engenheiro agr\u00f4nomo destaca os preju\u00edzos das principais lavouras da regi\u00e3o. \u201cPerdemos 100% das lavouras de feij\u00e3o e milho, 50% da lavoura de algod\u00e3o, e a \u00e1rea plantada de mamona, que deveria ser 1.600 hectares, n\u00e3o passa de 300.\u201d <\/p>\n<p>Os reflexos da queda de produ\u00e7\u00e3o j\u00e1 podem ser sentidos nos pre\u00e7os; um saco de milho que custava em torno de R$ 24 est\u00e1 sendo vendido a R$ 45.<\/p>\n<p>C\u00e9sar Augusto Dourado tamb\u00e9m destaca que a seca prolongada por quatro anos fez com que a cria\u00e7\u00e3o de frangos, porcos e gado tamb\u00e9m sofresse redu\u00e7\u00e3o. Como o pasto deve durar at\u00e9 o meio do ano, os produtores ter\u00e3o que vender o gado ou comprar ra\u00e7\u00e3o.<\/p>\n<p>Matias Cardoso faz parte tamb\u00e9m do Projeto de Ja\u00edba, que sobrevive gra\u00e7as a irriga\u00e7\u00e3o. O munic\u00edpio tem 20 mil hectares de \u00e1rea irrigada com as \u00e1gua do velho Chico, destinados principalmente \u00e0 produ\u00e7\u00e3o de frutas. Como o rio j\u00e1 est\u00e1 com o n\u00edvel que s\u00f3 deveria estar no m\u00eas de agosto, per\u00edodo normal de estiagem, \u00e9 poss\u00edvel que essas lavouras tamb\u00e9m possam ser afetadas. (G1)<\/p>\n","protected":false},"excerpt":{"rendered":"<p>Portaria foi publicada no Di\u00e1rio Oficial da Uni\u00e3o desta quinta (24). Munic\u00edpios do Norte de Minas sofrem com a pior estiagem dos \u00faltimos anos. Os munic\u00edpios de Capit\u00e3o En\u00e9as e Matias Cardoso, no Norte de Minas Gerais, tiveram a situa\u00e7\u00e3o de emerg\u00eancia reconhecida pela Secretaria Nacional de Prote\u00e7\u00e3o e Defesa Civil do Minist\u00e9rio da Integra\u00e7\u00e3o. [&hellip;]<\/p>\n","protected":false},"author":1,"featured_media":27132,"comment_status":"open","ping_status":"closed","sticky":false,"template":"","format":"standard","meta":{"amp_status":"","footnotes":""},"categories":[1236],"tags":[1429,6862,1708],"class_list":["post-27131","post","type-post","status-publish","format-standard","has-post-thumbnail","hentry","category-norte_de_minas","tag-capitao-eneas","tag-capitao-eneas-e-matias-cardoso-tem-situacao-de-emergencia-homologada","tag-matias-cardoso"],"_links":{"self":[{"href":"https:\/\/aconteceunovale.com.br\/portal\/index.php?rest_route=\/wp\/v2\/posts\/27131","targetHints":{"allow":["GET"]}}],"collection":[{"href":"https:\/\/aconteceunovale.com.br\/portal\/index.php?rest_route=\/wp\/v2\/posts"}],"about":[{"href":"https:\/\/aconteceunovale.com.br\/portal\/index.php?rest_route=\/wp\/v2\/types\/post"}],"author":[{"embeddable":true,"href":"https:\/\/aconteceunovale.com.br\/portal\/index.php?rest_route=\/wp\/v2\/users\/1"}],"replies":[{"embeddable":true,"href":"https:\/\/aconteceunovale.com.br\/portal\/index.php?rest_route=%2Fwp%2Fv2%2Fcomments&post=27131"}],"version-history":[{"count":0,"href":"https:\/\/aconteceunovale.com.br\/portal\/index.php?rest_route=\/wp\/v2\/posts\/27131\/revisions"}],"wp:featuredmedia":[{"embeddable":true,"href":"https:\/\/aconteceunovale.com.br\/portal\/index.php?rest_route=\/wp\/v2\/media\/27132"}],"wp:attachment":[{"href":"https:\/\/aconteceunovale.com.br\/portal\/index.php?rest_route=%2Fwp%2Fv2%2Fmedia&parent=27131"}],"wp:term":[{"taxonomy":"category","embeddable":true,"href":"https:\/\/aconteceunovale.com.br\/portal\/index.php?rest_route=%2Fwp%2Fv2%2Fcategories&post=27131"},{"taxonomy":"post_tag","embeddable":true,"href":"https:\/\/aconteceunovale.com.br\/portal\/index.php?rest_route=%2Fwp%2Fv2%2Ftags&post=27131"}],"curies":[{"name":"wp","href":"https:\/\/api.w.org\/{rel}","templated":true}]}}