{"id":27080,"date":"2014-04-24T06:31:42","date_gmt":"2014-04-24T09:31:42","guid":{"rendered":"http:\/\/aconteceunovale.com.br\/portal\/?p=27080"},"modified":"2014-04-24T06:31:42","modified_gmt":"2014-04-24T09:31:42","slug":"idosa-natural-de-aracuai-busca-por-irmao-gemeo","status":"publish","type":"post","link":"https:\/\/aconteceunovale.com.br\/portal\/?p=27080","title":{"rendered":"Idosa natural de Ara\u00e7ua\u00ed busca por irm\u00e3o g\u00eameo"},"content":{"rendered":"<h3><strong>Idosa quer resgatar a principal lembran\u00e7a que ficou no munic\u00edpio de origem<\/strong><\/h3>\n<p>Moradora do bairro Planalto II, Ana Maria Pereira tem 104 anos. Nascida em Ara\u00e7ua\u00ed, no Vale do Jequitinhonha, a idosa busca por not\u00edcias do irm\u00e3o g\u00eameo chamado Geraldo, que n\u00e3o v\u00ea h\u00e1 pelo menos 90 anos.<\/p>\n<p>Forte e bem l\u00facida, &#8220;Don&#8217;Ana&#8221; &#8211; como \u00e9 conhecida &#8211; diz ser esse o seu maior desejo atualmente. &#8220;Eu quero uma lembran\u00e7a dele, se casou, se teve filhos e onde est\u00e3o, enfim, uma not\u00edcia ao menos&#8221;, diz a idosa.<\/p>\n<p><img decoding=\"async\" src=\"http:\/\/aconteceunovale.com.br\/portal\/wp-content\/uploads\/2014\/04\/idosa_104_anos_procura_irmao_aracuai.jpg\" alt=\"\" \/><em>(Ana Maria Pereira completou 104 anos em janeiro; o maior desejo da idosa \u00e9 resgatar o que ficou h\u00e1 muito na cidade onde nasceu &#8211; Foto: W\u00f4lmer Ezequiel \/ Di\u00e1rio do A\u00e7o)<\/em><br \/>\n<\/br><\/p>\n<p>A hist\u00f3ria de Don&#8217;Ana foi apresentada por Val\u00e9ria Pereira e Regiane Cristina Miranda, agentes da Unidade de Sa\u00fade do bairro que cuidam da idosa. Ana Maria nasceu em 1\u00ba de janeiro de 1910, e comprova o fato mostrando os documentos pessoais.<\/p>\n<p>Em Ara\u00e7ua\u00ed, ela recorda bem o endere\u00e7o onde cresceu: foi na rua S\u00e3o Jos\u00e9, pr\u00f3ximo \u00e0 Igreja Matriz, no Centro da cidade. Filha de Maria J\u00falia Pereira, Don&#8217;Ana tinha 19 irm\u00e3os quando deixou o munic\u00edpio. O nome do pai n\u00e3o consta nos documentos.<\/p>\n<p>A forma como ela se separou da fam\u00edlia de muitos integrantes traz \u00e0 tona uma m\u00e1goa que ficou no tempo. Ana Maria tinha pouco mais de dez anos, quando um desentendimento, por um peda\u00e7o de carne, levou o irm\u00e3o mais velho a amea\u00e7\u00e1-la de morte.<\/p>\n<p>Depois de levar uma facada no bra\u00e7o, o que deixou cicatrizes, a ent\u00e3o adolescente fugiu de casa. Ela ainda ficou na cidade a tempo de ver o irm\u00e3o ser morto pelo que fez, conta. A cena, traum\u00e1tica, ela n\u00e3o esquece.<\/p>\n<p>A menina, ent\u00e3o, subiu em um caminh\u00e3o de um motorista baiano que passava por Ara\u00e7ua\u00ed e s\u00f3 desceu no munic\u00edpio de Te\u00f3filo Otoni.<\/p>\n<p>Nunca mais houve contato com os parentes. Em Te\u00f3filo Otoni, uma mulher a encontrou e a levou para casa para trabalhar nos afazeres dom\u00e9sticos at\u00e9 anos mais tarde, quando perambulou por outros cantos. &#8220;E a\u00ed lavava roupa para um e para outro, para n\u00e3o morrer de fome e n\u00e3o ficar pelada. Eu j\u00e1 sofri muito&#8221;, lembra.<\/p>\n<p>A vizinha, e as agentes comunit\u00e1rias de sa\u00fade s\u00e3o, para Don&#8217;Ana, parte da fam\u00edlia<\/p>\n<p><img decoding=\"async\" src=\"http:\/\/aconteceunovale.com.br\/portal\/wp-content\/uploads\/2014\/04\/idosa_104_anos_procura_irmao_aracuai_2.jpg\" alt=\"\" \/><em>(A vizinha, e as agentes comunit\u00e1rias de sa\u00fade s\u00e3o, para Don&#8217;Ana, parte da fam\u00edlia &#8211; Foto: W\u00f4lmer Ezequiel \/ Di\u00e1rio do A\u00e7o)<\/em><br \/>\n<\/br><\/p>\n<h4><strong>Solteirona<\/strong><\/h4>\n<p>Ana Maria nunca se casou, tampouco teve filhos. Ela se mudou para Ipatinga antes de completar 40 anos e vivenciou as v\u00e1rias etapas do desenvolvimento do ent\u00e3o distrito de Coronel Fabriciano. E trabalhou em diversas companhias e firmas que estavam se instalando no Leste mineiro.<\/p>\n<p>J\u00e1 ambientada na regi\u00e3o, Don&#8217;Ana passou a cuidar de uma menina, que passou a representar a \u00fanica fam\u00edlia que constituiu. Hoje, ela, inclusive, tem um neto de considera\u00e7\u00e3o, sem falar na vizinha, Maria de F\u00e1tima da Silva, 53, que faz tudo por Ana Maria e tamb\u00e9m \u00e9 tida como parente. &#8220;Digo pra ela que ela \u00e9 minha filha, e o filho dela, meu neto&#8221;.<\/p>\n<p><iframe loading=\"lazy\" width=\"640\" height=\"360\" src=\"\/\/www.youtube.com\/embed\/3-BqCcNqg_A\" frameborder=\"0\" allowfullscreen><\/iframe><\/p>\n<p><strong>(Fonte: Di\u00e1rio do A\u00e7o)<\/strong><\/p>\n","protected":false},"excerpt":{"rendered":"<p>Idosa quer resgatar a principal lembran\u00e7a que ficou no munic\u00edpio de origem Moradora do bairro Planalto II, Ana Maria Pereira tem 104 anos. Nascida em Ara\u00e7ua\u00ed, no Vale do Jequitinhonha, a idosa busca por not\u00edcias do irm\u00e3o g\u00eameo chamado Geraldo, que n\u00e3o v\u00ea h\u00e1 pelo menos 90 anos. Forte e bem l\u00facida, &#8220;Don&#8217;Ana&#8221; &#8211; como [&hellip;]<\/p>\n","protected":false},"author":1,"featured_media":27081,"comment_status":"open","ping_status":"closed","sticky":false,"template":"","format":"standard","meta":{"amp_status":"","footnotes":""},"categories":[120],"tags":[186,1018,6839],"class_list":["post-27080","post","type-post","status-publish","format-standard","has-post-thumbnail","hentry","category-jequi","tag-aracuai","tag-destaque","tag-idosa-natural-de-aracuai-busca-por-irmao-gemeo"],"_links":{"self":[{"href":"https:\/\/aconteceunovale.com.br\/portal\/index.php?rest_route=\/wp\/v2\/posts\/27080","targetHints":{"allow":["GET"]}}],"collection":[{"href":"https:\/\/aconteceunovale.com.br\/portal\/index.php?rest_route=\/wp\/v2\/posts"}],"about":[{"href":"https:\/\/aconteceunovale.com.br\/portal\/index.php?rest_route=\/wp\/v2\/types\/post"}],"author":[{"embeddable":true,"href":"https:\/\/aconteceunovale.com.br\/portal\/index.php?rest_route=\/wp\/v2\/users\/1"}],"replies":[{"embeddable":true,"href":"https:\/\/aconteceunovale.com.br\/portal\/index.php?rest_route=%2Fwp%2Fv2%2Fcomments&post=27080"}],"version-history":[{"count":0,"href":"https:\/\/aconteceunovale.com.br\/portal\/index.php?rest_route=\/wp\/v2\/posts\/27080\/revisions"}],"wp:featuredmedia":[{"embeddable":true,"href":"https:\/\/aconteceunovale.com.br\/portal\/index.php?rest_route=\/wp\/v2\/media\/27081"}],"wp:attachment":[{"href":"https:\/\/aconteceunovale.com.br\/portal\/index.php?rest_route=%2Fwp%2Fv2%2Fmedia&parent=27080"}],"wp:term":[{"taxonomy":"category","embeddable":true,"href":"https:\/\/aconteceunovale.com.br\/portal\/index.php?rest_route=%2Fwp%2Fv2%2Fcategories&post=27080"},{"taxonomy":"post_tag","embeddable":true,"href":"https:\/\/aconteceunovale.com.br\/portal\/index.php?rest_route=%2Fwp%2Fv2%2Ftags&post=27080"}],"curies":[{"name":"wp","href":"https:\/\/api.w.org\/{rel}","templated":true}]}}