{"id":27007,"date":"2014-04-22T18:25:40","date_gmt":"2014-04-22T21:25:40","guid":{"rendered":"http:\/\/aconteceunovale.com.br\/portal\/?p=27007"},"modified":"2014-04-22T18:25:40","modified_gmt":"2014-04-22T21:25:40","slug":"crianca-viaja-escondida-para-fugir-das-agressoes-dos-pais-em-novo-cruzeiro","status":"publish","type":"post","link":"https:\/\/aconteceunovale.com.br\/portal\/?p=27007","title":{"rendered":"Crian\u00e7a viaja escondida para fugir das agress\u00f5es dos pais em Novo Cruzeiro"},"content":{"rendered":"<p>Fugindo das agress\u00f5es dos pais, um menino de 9 anos viajou de Novo Cruzeiro, no Vale do Jequitinhonha, a Ladainha, escondido debaixo de uma poltrona de um \u00f4nibus da Via\u00e7\u00e3o Rio Doce. A viagem de 37 km, dura em m\u00e9dia uma hora.<\/p>\n<p>O garoto foi descoberto pelo motorista do \u00f4nibus que procurou o Destacamento da Pol\u00edcia Militar para narrar os fatos. Ele acredita que o menino entrou em um momento de distra\u00e7\u00e3o dele e do trocador e por isto n\u00e3o foi visto.<\/p>\n<p>O caso aconteceu na quinta-feira (17), mas s\u00f3 nesta ter\u00e7a-feira (22) foi divulgado a impressa.<\/p>\n<p>Aos policiais, o menino contou que fugiu porque constantemente \u00e9 agredido pela m\u00e3e e pelo pai que, segundo ele,  faz uso de bebida alco\u00f3lica. Ele disse tamb\u00e9m que \u00e9 comum dormir em matagais para n\u00e3o ser espancado pela m\u00e3e.<\/p>\n<p>A hist\u00f3ria  comoveu o Conselho Tutelar de Novo Cruzeiro que acompanha o caso e promete tomar todas as provid\u00eancias previstas em lei para proteger a crian\u00e7a. <em>(Gazeta de Ara\u00e7ua\u00ed)<\/em><\/p>\n","protected":false},"excerpt":{"rendered":"<p>Fugindo das agress\u00f5es dos pais, um menino de 9 anos viajou de Novo Cruzeiro, no Vale do Jequitinhonha, a Ladainha, escondido debaixo de uma poltrona de um \u00f4nibus da Via\u00e7\u00e3o Rio Doce. A viagem de 37 km, dura em m\u00e9dia uma hora. O garoto foi descoberto pelo motorista do \u00f4nibus que procurou o Destacamento da [&hellip;]<\/p>\n","protected":false},"author":1,"featured_media":27008,"comment_status":"open","ping_status":"closed","sticky":false,"template":"","format":"standard","meta":{"amp_status":"","footnotes":""},"categories":[120],"tags":[6813,175],"class_list":["post-27007","post","type-post","status-publish","format-standard","has-post-thumbnail","hentry","category-jequi","tag-crianca-viaja-escondida-para-fugir-das-agressoes-dos-pais-em-novo-cruzeiro","tag-novo-cruzeiro"],"_links":{"self":[{"href":"https:\/\/aconteceunovale.com.br\/portal\/index.php?rest_route=\/wp\/v2\/posts\/27007","targetHints":{"allow":["GET"]}}],"collection":[{"href":"https:\/\/aconteceunovale.com.br\/portal\/index.php?rest_route=\/wp\/v2\/posts"}],"about":[{"href":"https:\/\/aconteceunovale.com.br\/portal\/index.php?rest_route=\/wp\/v2\/types\/post"}],"author":[{"embeddable":true,"href":"https:\/\/aconteceunovale.com.br\/portal\/index.php?rest_route=\/wp\/v2\/users\/1"}],"replies":[{"embeddable":true,"href":"https:\/\/aconteceunovale.com.br\/portal\/index.php?rest_route=%2Fwp%2Fv2%2Fcomments&post=27007"}],"version-history":[{"count":0,"href":"https:\/\/aconteceunovale.com.br\/portal\/index.php?rest_route=\/wp\/v2\/posts\/27007\/revisions"}],"wp:featuredmedia":[{"embeddable":true,"href":"https:\/\/aconteceunovale.com.br\/portal\/index.php?rest_route=\/wp\/v2\/media\/27008"}],"wp:attachment":[{"href":"https:\/\/aconteceunovale.com.br\/portal\/index.php?rest_route=%2Fwp%2Fv2%2Fmedia&parent=27007"}],"wp:term":[{"taxonomy":"category","embeddable":true,"href":"https:\/\/aconteceunovale.com.br\/portal\/index.php?rest_route=%2Fwp%2Fv2%2Fcategories&post=27007"},{"taxonomy":"post_tag","embeddable":true,"href":"https:\/\/aconteceunovale.com.br\/portal\/index.php?rest_route=%2Fwp%2Fv2%2Ftags&post=27007"}],"curies":[{"name":"wp","href":"https:\/\/api.w.org\/{rel}","templated":true}]}}