{"id":26995,"date":"2014-04-22T15:43:53","date_gmt":"2014-04-22T18:43:53","guid":{"rendered":"http:\/\/aconteceunovale.com.br\/portal\/?p=26995"},"modified":"2014-04-22T16:02:47","modified_gmt":"2014-04-22T19:02:47","slug":"motociclista-morre-em-grave-acidente-proximo-ao-campus-ii-da-ufvjm-em-diamantina","status":"publish","type":"post","link":"https:\/\/aconteceunovale.com.br\/portal\/?p=26995","title":{"rendered":"Motociclista morre em grave acidente pr\u00f3ximo ao Campus II da UFVJM em Diamantina"},"content":{"rendered":"<p>Um motociclista morreu na tarde desta ter\u00e7a-feira, 22 de abril, em um grave acidente na BR 367, no trevo de acesso secund\u00e1rio a Diamantina, pr\u00f3ximo ao Campus II da Universidade Federal dos Vales do Jequitinhonha e Mucuri (UFVJM).<\/p>\n<p>De acordo com informa\u00e7\u00f5es, a violenta colis\u00e3o entre uma motocicleta e uma pick-up vitimou no local o condutor da moto, que ficou totalmente destru\u00edda. O ve\u00edculo tamb\u00e9m ficou bastante danificado.<\/p>\n<p>O nome da v\u00edtima fatal e do condutor da pick-up n\u00e3o foram divulgadas. A per\u00edcia da Pol\u00edcia Civil foi acionada e compareceu ao local para procedimentos de praxe.<\/p>\n<p><img decoding=\"async\" src=\"http:\/\/aconteceunovale.com.br\/portal\/wp-content\/uploads\/2014\/04\/acidente_dtna_22_04.jpg\" alt=\"\" \/><em>(Fotos: Enviadas por S\u00e9rgio Souza)<\/em><\/p>\n","protected":false},"excerpt":{"rendered":"<p>Um motociclista morreu na tarde desta ter\u00e7a-feira, 22 de abril, em um grave acidente na BR 367, no trevo de acesso secund\u00e1rio a Diamantina, pr\u00f3ximo ao Campus II da Universidade Federal dos Vales do Jequitinhonha e Mucuri (UFVJM). De acordo com informa\u00e7\u00f5es, a violenta colis\u00e3o entre uma motocicleta e uma pick-up vitimou no local o [&hellip;]<\/p>\n","protected":false},"author":1,"featured_media":26996,"comment_status":"open","ping_status":"closed","sticky":false,"template":"","format":"standard","meta":{"amp_status":"","footnotes":""},"categories":[120],"tags":[6805,6804,1018,198,6803],"class_list":["post-26995","post","type-post","status-publish","format-standard","has-post-thumbnail","hentry","category-jequi","tag-acidente-em-diamantina","tag-acidente-proximo-ao-campus-2-da-ufvjm","tag-destaque","tag-diamantina","tag-motociclista-morre-em-grave-acidente-proximo-ao-campus-ii-da-ufvjm-em-diamantina"],"_links":{"self":[{"href":"https:\/\/aconteceunovale.com.br\/portal\/index.php?rest_route=\/wp\/v2\/posts\/26995","targetHints":{"allow":["GET"]}}],"collection":[{"href":"https:\/\/aconteceunovale.com.br\/portal\/index.php?rest_route=\/wp\/v2\/posts"}],"about":[{"href":"https:\/\/aconteceunovale.com.br\/portal\/index.php?rest_route=\/wp\/v2\/types\/post"}],"author":[{"embeddable":true,"href":"https:\/\/aconteceunovale.com.br\/portal\/index.php?rest_route=\/wp\/v2\/users\/1"}],"replies":[{"embeddable":true,"href":"https:\/\/aconteceunovale.com.br\/portal\/index.php?rest_route=%2Fwp%2Fv2%2Fcomments&post=26995"}],"version-history":[{"count":0,"href":"https:\/\/aconteceunovale.com.br\/portal\/index.php?rest_route=\/wp\/v2\/posts\/26995\/revisions"}],"wp:featuredmedia":[{"embeddable":true,"href":"https:\/\/aconteceunovale.com.br\/portal\/index.php?rest_route=\/wp\/v2\/media\/26996"}],"wp:attachment":[{"href":"https:\/\/aconteceunovale.com.br\/portal\/index.php?rest_route=%2Fwp%2Fv2%2Fmedia&parent=26995"}],"wp:term":[{"taxonomy":"category","embeddable":true,"href":"https:\/\/aconteceunovale.com.br\/portal\/index.php?rest_route=%2Fwp%2Fv2%2Fcategories&post=26995"},{"taxonomy":"post_tag","embeddable":true,"href":"https:\/\/aconteceunovale.com.br\/portal\/index.php?rest_route=%2Fwp%2Fv2%2Ftags&post=26995"}],"curies":[{"name":"wp","href":"https:\/\/api.w.org\/{rel}","templated":true}]}}