{"id":26968,"date":"2014-04-22T09:30:49","date_gmt":"2014-04-22T12:30:49","guid":{"rendered":"http:\/\/aconteceunovale.com.br\/portal\/?p=26968"},"modified":"2014-04-22T09:30:49","modified_gmt":"2014-04-22T12:30:49","slug":"vandalos-colocam-fogo-em-motocicleta-no-distrito-de-sao-joao-da-chapada-em-diamantina","status":"publish","type":"post","link":"https:\/\/aconteceunovale.com.br\/portal\/?p=26968","title":{"rendered":"V\u00e2ndalos colocam fogo em motocicleta no distrito de S\u00e3o Jo\u00e3o da Chapada em Diamantina"},"content":{"rendered":"<p>Um inc\u00eandio criminoso destruiu uma motocicleta na madrugada de segunda-feira, 21 de abril, no distrito de S\u00e3o Jo\u00e3o da Chapada, em Diamantina\/MG. A motocicleta estava estacionada na porta da resid\u00eancia do propriet\u00e1rio.<\/p>\n<p>O inc\u00eandio atingiu tamb\u00e9m um ve\u00edculo que estava estacionado ao lado danificando a pintura da lateral.<\/p>\n<p>N\u00e3o existem pistas dos v\u00e2ndalos. A pol\u00edcia dever\u00e1 investigar o caso.<\/p>\n<p><strong>GALERIA DE FOTOS:<\/strong><br \/>\n<em>(Fotos enviadas por Darliton Vieira)<\/em><\/p>\n<p><img decoding=\"async\" src=\"http:\/\/aconteceunovale.com.br\/portal\/wp-content\/uploads\/2014\/04\/incendio_sjcdtna_21_04_1.jpg\" alt=\"\" \/><br \/>\n<div id='gallery-1' class='gallery galleryid-26968 gallery-columns-5 gallery-size-thumbnail'><figure class='gallery-item'>\n\t\t\t<div class='gallery-icon landscape'>\n\t\t\t\t<a href='https:\/\/aconteceunovale.com.br\/portal\/wp-content\/uploads\/2014\/04\/incendio_sjcdtna_21_04_2.jpg'><img loading=\"lazy\" decoding=\"async\" width=\"150\" height=\"150\" src=\"https:\/\/aconteceunovale.com.br\/portal\/wp-content\/uploads\/2014\/04\/incendio_sjcdtna_21_04_2-150x150.jpg\" class=\"attachment-thumbnail size-thumbnail\" alt=\"\" \/><\/a>\n\t\t\t<\/div><\/figure><figure class='gallery-item'>\n\t\t\t<div class='gallery-icon landscape'>\n\t\t\t\t<a href='https:\/\/aconteceunovale.com.br\/portal\/wp-content\/uploads\/2014\/04\/incendio_sjcdtna_21_04_3.jpg'><img loading=\"lazy\" decoding=\"async\" width=\"150\" height=\"150\" src=\"https:\/\/aconteceunovale.com.br\/portal\/wp-content\/uploads\/2014\/04\/incendio_sjcdtna_21_04_3-150x150.jpg\" class=\"attachment-thumbnail size-thumbnail\" alt=\"\" \/><\/a>\n\t\t\t<\/div><\/figure><figure class='gallery-item'>\n\t\t\t<div class='gallery-icon landscape'>\n\t\t\t\t<a href='https:\/\/aconteceunovale.com.br\/portal\/wp-content\/uploads\/2014\/04\/incendio_sjcdtna_21_04_4.jpg'><img loading=\"lazy\" decoding=\"async\" width=\"150\" height=\"150\" src=\"https:\/\/aconteceunovale.com.br\/portal\/wp-content\/uploads\/2014\/04\/incendio_sjcdtna_21_04_4-150x150.jpg\" class=\"attachment-thumbnail size-thumbnail\" alt=\"\" \/><\/a>\n\t\t\t<\/div><\/figure><figure class='gallery-item'>\n\t\t\t<div class='gallery-icon landscape'>\n\t\t\t\t<a href='https:\/\/aconteceunovale.com.br\/portal\/wp-content\/uploads\/2014\/04\/incendio_sjcdtna_21_04_5.jpg'><img loading=\"lazy\" decoding=\"async\" width=\"150\" height=\"150\" src=\"https:\/\/aconteceunovale.com.br\/portal\/wp-content\/uploads\/2014\/04\/incendio_sjcdtna_21_04_5-150x150.jpg\" class=\"attachment-thumbnail size-thumbnail\" alt=\"\" \/><\/a>\n\t\t\t<\/div><\/figure><figure class='gallery-item'>\n\t\t\t<div class='gallery-icon landscape'>\n\t\t\t\t<a href='https:\/\/aconteceunovale.com.br\/portal\/wp-content\/uploads\/2014\/04\/incendio_sjcdtna_21_04_6.jpg'><img loading=\"lazy\" decoding=\"async\" width=\"150\" height=\"150\" src=\"https:\/\/aconteceunovale.com.br\/portal\/wp-content\/uploads\/2014\/04\/incendio_sjcdtna_21_04_6-150x150.jpg\" class=\"attachment-thumbnail size-thumbnail\" alt=\"\" \/><\/a>\n\t\t\t<\/div><\/figure>\n\t\t<\/div>\n<\/p>\n","protected":false},"excerpt":{"rendered":"<p>Um inc\u00eandio criminoso destruiu uma motocicleta na madrugada de segunda-feira, 21 de abril, no distrito de S\u00e3o Jo\u00e3o da Chapada, em Diamantina\/MG. A motocicleta estava estacionada na porta da resid\u00eancia do propriet\u00e1rio. O inc\u00eandio atingiu tamb\u00e9m um ve\u00edculo que estava estacionado ao lado danificando a pintura da lateral. N\u00e3o existem pistas dos v\u00e2ndalos. A pol\u00edcia [&hellip;]<\/p>\n","protected":false},"author":1,"featured_media":26974,"comment_status":"open","ping_status":"closed","sticky":false,"template":"","format":"standard","meta":{"amp_status":"","footnotes":""},"categories":[120],"tags":[1018,198,6783,6784,6782],"class_list":["post-26968","post","type-post","status-publish","format-standard","has-post-thumbnail","hentry","category-jequi","tag-destaque","tag-diamantina","tag-incendio-em-motocicleta-no-distrito-de-sao-joao-da-chapada","tag-sao-joao-da-chapada","tag-vandalos-colocam-fogo-em-motocicleta-no-distrito-de-sao-joao-da-chapada-em-diamantina"],"_links":{"self":[{"href":"https:\/\/aconteceunovale.com.br\/portal\/index.php?rest_route=\/wp\/v2\/posts\/26968","targetHints":{"allow":["GET"]}}],"collection":[{"href":"https:\/\/aconteceunovale.com.br\/portal\/index.php?rest_route=\/wp\/v2\/posts"}],"about":[{"href":"https:\/\/aconteceunovale.com.br\/portal\/index.php?rest_route=\/wp\/v2\/types\/post"}],"author":[{"embeddable":true,"href":"https:\/\/aconteceunovale.com.br\/portal\/index.php?rest_route=\/wp\/v2\/users\/1"}],"replies":[{"embeddable":true,"href":"https:\/\/aconteceunovale.com.br\/portal\/index.php?rest_route=%2Fwp%2Fv2%2Fcomments&post=26968"}],"version-history":[{"count":0,"href":"https:\/\/aconteceunovale.com.br\/portal\/index.php?rest_route=\/wp\/v2\/posts\/26968\/revisions"}],"wp:featuredmedia":[{"embeddable":true,"href":"https:\/\/aconteceunovale.com.br\/portal\/index.php?rest_route=\/wp\/v2\/media\/26974"}],"wp:attachment":[{"href":"https:\/\/aconteceunovale.com.br\/portal\/index.php?rest_route=%2Fwp%2Fv2%2Fmedia&parent=26968"}],"wp:term":[{"taxonomy":"category","embeddable":true,"href":"https:\/\/aconteceunovale.com.br\/portal\/index.php?rest_route=%2Fwp%2Fv2%2Fcategories&post=26968"},{"taxonomy":"post_tag","embeddable":true,"href":"https:\/\/aconteceunovale.com.br\/portal\/index.php?rest_route=%2Fwp%2Fv2%2Ftags&post=26968"}],"curies":[{"name":"wp","href":"https:\/\/api.w.org\/{rel}","templated":true}]}}