{"id":26959,"date":"2014-04-21T21:03:21","date_gmt":"2014-04-22T00:03:21","guid":{"rendered":"http:\/\/aconteceunovale.com.br\/portal\/?p=26959"},"modified":"2014-04-21T21:03:21","modified_gmt":"2014-04-22T00:03:21","slug":"trafego-e-intenso-nas-rodovias-do-leste-e-norte-de-minas-gerais","status":"publish","type":"post","link":"https:\/\/aconteceunovale.com.br\/portal\/?p=26959","title":{"rendered":"Tr\u00e1fego \u00e9 intenso nas rodovias do Leste e Norte de Minas Gerais"},"content":{"rendered":"<p>A volta do feriado prolongado nesta segunda-feira (21) tem tr\u00e1fego intenso nas principais rodovias que cortam Governador Valadares, no Leste de Minas Gerais, mas sem pontos de parada.<\/p>\n<p>De acordo com a Pol\u00edcia Militar Rodovi\u00e1ria, por volta das 15h, a situa\u00e7\u00e3o come\u00e7ou a se intensificar na BR-259, o principal ponto de liga\u00e7\u00e3o entre a cidade e o litoral capixaba.<\/p>\n<p>O tr\u00e1fego tamb\u00e9m se intensificou no fim da tarde na BR-116, que liga Valadares ao Rio de Janeiro e ao sudeste, e tamb\u00e9m na BR-381, que liga a cidade a capital mineira. No entanto, apesar do tr\u00e1fego intenso, nenhum acidente grave foi sido registrado at\u00e9 \u00e0s 17h50.<\/p>\n<h4><strong>Vales do Mucuri e Jequitinhonha<\/strong><\/h4>\n<p>O tr\u00e1fego \u00e9 intenso tamb\u00e9m na BR-116, em Te\u00f3filo Otoni, no Vale do Mucuri. Na regi\u00e3o, segundo a PRF, nenhum acidente foi registrado. O panorama \u00e9 o mesmo na BR-116, na altura do munic\u00edpio de Itaobim, no Vale do Jequitinhonha. L\u00e1, de acordo com a PRF, o fluxo de ve\u00edculos \u00e9 normal e sem registros de acidentes.<\/p>\n<h4><strong>Vale do A\u00e7o<\/strong><\/h4>\n<p>Quem aproveitou at\u00e9 os \u00faltimos minutos antes de voltar para casa encontrou estradas cheias no Vale do A\u00e7o. No fim da tarde desta segunda o fluxo de carros foi intenso tanto na BR-458, quanto na 381, principais rodovias que cortam a regi\u00e3o.<\/p>\n<p>A Pol\u00edcia Militar Rodovi\u00e1ria, estima que 120 mil ve\u00edculos tenham passado pelas estradas durante o feriado.<\/p>\n<p>Ainda segundo PMR, mesmo sem o balan\u00e7o total da opera\u00e7\u00e3o, j\u00e1 \u00e9 poss\u00edvel afirmar que o tr\u00e2nsito na data foi menos violento do que nos feriados anteriores, reflexo de fiscaliza\u00e7\u00f5es mais intensas e motoristas mais conscientes.<\/p>\n<h3><strong>Rodovias do Norte de MG registram aumento no fluxo de ve\u00edculos<\/strong><\/h3>\n<p>O fluxo de ve\u00edculos nas rodovias do Norte de Minas aumentou na tarde desta segunda-feira (21), na volta do feriado prolongado.<\/p>\n<p>Segundo a Pol\u00edcia Rodovi\u00e1ria Federal, o n\u00famero de ve\u00edculos aumentou nas rodovias federais, mas o tr\u00e2nsito flui normalmente.<\/p>\n<p>Nesta tarde, tr\u00eas acidentes foram registrados na BR-365 e ao todo oito pessoas ficaram feridas. Apesar dos acidentes a rodovia n\u00e3o precisou ser interditada.<\/p>\n<p>Tamb\u00e9m nas rodovias estaduais da regi\u00e3o o fluxo de ve\u00edculos aumentou nesta tarde. Segundo a Pol\u00edcia Rodovi\u00e1ria Estadual, o tr\u00e2nsito \u00e9 intenso, mas ainda n\u00e3o h\u00e1 dados sobre registros de acidentes.<\/p>\n<p>O balan\u00e7o comparativo a outros feriados ser\u00e3o divulgados a partir desta ter\u00e7a-feira (22).<\/p>\n<p><strong>(Fonte: G1)<\/strong><\/p>\n","protected":false},"excerpt":{"rendered":"<p>A volta do feriado prolongado nesta segunda-feira (21) tem tr\u00e1fego intenso nas principais rodovias que cortam Governador Valadares, no Leste de Minas Gerais, mas sem pontos de parada. De acordo com a Pol\u00edcia Militar Rodovi\u00e1ria, por volta das 15h, a situa\u00e7\u00e3o come\u00e7ou a se intensificar na BR-259, o principal ponto de liga\u00e7\u00e3o entre a cidade [&hellip;]<\/p>\n","protected":false},"author":1,"featured_media":26961,"comment_status":"open","ping_status":"closed","sticky":false,"template":"","format":"standard","meta":{"amp_status":"","footnotes":""},"categories":[123],"tags":[6780,6776,6778,6779,6777],"class_list":["post-26959","post","type-post","status-publish","format-standard","has-post-thumbnail","hentry","category-gerais","tag-rodovias-do-norte-de-mg-registram-aumento-no-fluxo-de-veiculos","tag-trafego-e-intenso-nas-rodovias-do-leste-e-norte-de-minas-gerais","tag-trafego-nas-rodovias-do-leste-de-minas-gerais","tag-trafego-nas-rodovias-do-norte-de-minas-gerais","tag-volta-para-casa-no-feriado-prolongado-de-semana-santa-e-tiradentes"],"_links":{"self":[{"href":"https:\/\/aconteceunovale.com.br\/portal\/index.php?rest_route=\/wp\/v2\/posts\/26959","targetHints":{"allow":["GET"]}}],"collection":[{"href":"https:\/\/aconteceunovale.com.br\/portal\/index.php?rest_route=\/wp\/v2\/posts"}],"about":[{"href":"https:\/\/aconteceunovale.com.br\/portal\/index.php?rest_route=\/wp\/v2\/types\/post"}],"author":[{"embeddable":true,"href":"https:\/\/aconteceunovale.com.br\/portal\/index.php?rest_route=\/wp\/v2\/users\/1"}],"replies":[{"embeddable":true,"href":"https:\/\/aconteceunovale.com.br\/portal\/index.php?rest_route=%2Fwp%2Fv2%2Fcomments&post=26959"}],"version-history":[{"count":0,"href":"https:\/\/aconteceunovale.com.br\/portal\/index.php?rest_route=\/wp\/v2\/posts\/26959\/revisions"}],"wp:featuredmedia":[{"embeddable":true,"href":"https:\/\/aconteceunovale.com.br\/portal\/index.php?rest_route=\/wp\/v2\/media\/26961"}],"wp:attachment":[{"href":"https:\/\/aconteceunovale.com.br\/portal\/index.php?rest_route=%2Fwp%2Fv2%2Fmedia&parent=26959"}],"wp:term":[{"taxonomy":"category","embeddable":true,"href":"https:\/\/aconteceunovale.com.br\/portal\/index.php?rest_route=%2Fwp%2Fv2%2Fcategories&post=26959"},{"taxonomy":"post_tag","embeddable":true,"href":"https:\/\/aconteceunovale.com.br\/portal\/index.php?rest_route=%2Fwp%2Fv2%2Ftags&post=26959"}],"curies":[{"name":"wp","href":"https:\/\/api.w.org\/{rel}","templated":true}]}}