{"id":26954,"date":"2014-04-21T20:55:59","date_gmt":"2014-04-21T23:55:59","guid":{"rendered":"http:\/\/aconteceunovale.com.br\/portal\/?p=26954"},"modified":"2014-04-21T20:55:59","modified_gmt":"2014-04-21T23:55:59","slug":"dois-ficam-feridos-em-acidente-na-br-365","status":"publish","type":"post","link":"https:\/\/aconteceunovale.com.br\/portal\/?p=26954","title":{"rendered":"Dois ficam feridos em acidente na BR-365"},"content":{"rendered":"<p>Duas pessoas ficaram feridas em um acidente na BR-365, em Montes Claros, Norte de Minas Gerais, na tarde desta segunda-feira (21), feriado de Tiradentes. Segundo o Corpo de Bombeiros, estava chovendo quando o condutor de uma motocicleta perdeu o controle da dire\u00e7\u00e3o e bateu frontalmente com um ve\u00edculo pr\u00f3ximo \u00e0 Ponte Branca.<\/p>\n<p>A motocicleta seguia sentido Pirapora a Montes Claros e com o impacto a roda dianteira se soltou. As v\u00edtimas, de 18 e 24 anos, foram socorridas pelo Corpo de Bombeiros e encaminhados \u00e0 Santa Casa de Montes Claros.<\/p>\n<p>Os passageiros do ve\u00edculo n\u00e3o sofreram ferimentos.<\/p>\n<p><img decoding=\"async\" src=\"http:\/\/aconteceunovale.com.br\/portal\/wp-content\/uploads\/2014\/04\/acidente_moc_21_04.jpeg\" alt=\"\" \/><em>(Foto: Reprodu\u00e7\u00e3o\/Inter TV)<\/em><\/p>\n","protected":false},"excerpt":{"rendered":"<p>Duas pessoas ficaram feridas em um acidente na BR-365, em Montes Claros, Norte de Minas Gerais, na tarde desta segunda-feira (21), feriado de Tiradentes. Segundo o Corpo de Bombeiros, estava chovendo quando o condutor de uma motocicleta perdeu o controle da dire\u00e7\u00e3o e bateu frontalmente com um ve\u00edculo pr\u00f3ximo \u00e0 Ponte Branca. A motocicleta seguia [&hellip;]<\/p>\n","protected":false},"author":1,"featured_media":26955,"comment_status":"open","ping_status":"closed","sticky":false,"template":"","format":"standard","meta":{"amp_status":"","footnotes":""},"categories":[1236],"tags":[1018,6773,6774,210],"class_list":["post-26954","post","type-post","status-publish","format-standard","has-post-thumbnail","hentry","category-norte_de_minas","tag-destaque","tag-dois-ficam-feridos-em-acidente-na-br-365","tag-dois-ficam-feridos-em-acidente-na-br-365-em-montes-claros","tag-montes-claros"],"_links":{"self":[{"href":"https:\/\/aconteceunovale.com.br\/portal\/index.php?rest_route=\/wp\/v2\/posts\/26954","targetHints":{"allow":["GET"]}}],"collection":[{"href":"https:\/\/aconteceunovale.com.br\/portal\/index.php?rest_route=\/wp\/v2\/posts"}],"about":[{"href":"https:\/\/aconteceunovale.com.br\/portal\/index.php?rest_route=\/wp\/v2\/types\/post"}],"author":[{"embeddable":true,"href":"https:\/\/aconteceunovale.com.br\/portal\/index.php?rest_route=\/wp\/v2\/users\/1"}],"replies":[{"embeddable":true,"href":"https:\/\/aconteceunovale.com.br\/portal\/index.php?rest_route=%2Fwp%2Fv2%2Fcomments&post=26954"}],"version-history":[{"count":0,"href":"https:\/\/aconteceunovale.com.br\/portal\/index.php?rest_route=\/wp\/v2\/posts\/26954\/revisions"}],"wp:featuredmedia":[{"embeddable":true,"href":"https:\/\/aconteceunovale.com.br\/portal\/index.php?rest_route=\/wp\/v2\/media\/26955"}],"wp:attachment":[{"href":"https:\/\/aconteceunovale.com.br\/portal\/index.php?rest_route=%2Fwp%2Fv2%2Fmedia&parent=26954"}],"wp:term":[{"taxonomy":"category","embeddable":true,"href":"https:\/\/aconteceunovale.com.br\/portal\/index.php?rest_route=%2Fwp%2Fv2%2Fcategories&post=26954"},{"taxonomy":"post_tag","embeddable":true,"href":"https:\/\/aconteceunovale.com.br\/portal\/index.php?rest_route=%2Fwp%2Fv2%2Ftags&post=26954"}],"curies":[{"name":"wp","href":"https:\/\/api.w.org\/{rel}","templated":true}]}}