{"id":26935,"date":"2014-04-21T16:43:34","date_gmt":"2014-04-21T19:43:34","guid":{"rendered":"http:\/\/aconteceunovale.com.br\/portal\/?p=26935"},"modified":"2014-04-21T16:43:34","modified_gmt":"2014-04-21T19:43:34","slug":"tres-pessoas-ficam-feridas-em-acidente-na-saida-de-malacacheta-para-angelandia","status":"publish","type":"post","link":"https:\/\/aconteceunovale.com.br\/portal\/?p=26935","title":{"rendered":"Tr\u00eas pessoas ficam feridas em acidente na sa\u00edda de Malacacheta para Angel\u00e2ndia"},"content":{"rendered":"<p>Tr\u00eas pessoas ficaram feridas em um acidente por volta das 14 horas e 40 minutos da tarde desta segunda-feira, 21 de abril, na MG 217, a aproximadamente 1 quil\u00f4metro de Malacacheta, na sa\u00edda de Malacacheta para Angel\u00e2ndia.<\/p>\n<p>De acordo com informa\u00e7\u00f5es, o condutor do ve\u00edculo que seguia sentido Angel\u00e2ndia perdeu o controle, subiu em um barranco e capotou. <\/p>\n<p>As tr\u00eas pessoas que viajavam no ve\u00edculo foram socorridas por uma equipe do SAMU e encaminhadas ao Hospital Municipal Dr. Carlos Max. O estado de sa\u00fade das v\u00edtimas n\u00e3o foi divulgado.<\/p>\n<p><img decoding=\"async\" src=\"http:\/\/aconteceunovale.com.br\/portal\/wp-content\/uploads\/2014\/04\/acidente_malaca_21_4_1.jpg\" alt=\"\" \/><em>(Foto: L\u00e9o Silva)<\/em><br \/>\n<\/br><\/p>\n<p><em>(Reda\u00e7\u00e3o do Portal Aconteceu no Vale com foto e informa\u00e7\u00f5es do rep\u00f3rter L\u00e9o Silva)<\/em><\/p>\n","protected":false},"excerpt":{"rendered":"<p>Tr\u00eas pessoas ficaram feridas em um acidente por volta das 14 horas e 40 minutos da tarde desta segunda-feira, 21 de abril, na MG 217, a aproximadamente 1 quil\u00f4metro de Malacacheta, na sa\u00edda de Malacacheta para Angel\u00e2ndia. De acordo com informa\u00e7\u00f5es, o condutor do ve\u00edculo que seguia sentido Angel\u00e2ndia perdeu o controle, subiu em um [&hellip;]<\/p>\n","protected":false},"author":1,"featured_media":26936,"comment_status":"open","ping_status":"closed","sticky":false,"template":"","format":"standard","meta":{"amp_status":"","footnotes":""},"categories":[122],"tags":[657,1018,226,6766],"class_list":["post-26935","post","type-post","status-publish","format-standard","has-post-thumbnail","hentry","category-mucuri","tag-angelandia","tag-destaque","tag-malacacheta","tag-tres-pessoas-ficam-feridas-em-acidente-na-saida-de-malacacheta-para-angelandia"],"_links":{"self":[{"href":"https:\/\/aconteceunovale.com.br\/portal\/index.php?rest_route=\/wp\/v2\/posts\/26935","targetHints":{"allow":["GET"]}}],"collection":[{"href":"https:\/\/aconteceunovale.com.br\/portal\/index.php?rest_route=\/wp\/v2\/posts"}],"about":[{"href":"https:\/\/aconteceunovale.com.br\/portal\/index.php?rest_route=\/wp\/v2\/types\/post"}],"author":[{"embeddable":true,"href":"https:\/\/aconteceunovale.com.br\/portal\/index.php?rest_route=\/wp\/v2\/users\/1"}],"replies":[{"embeddable":true,"href":"https:\/\/aconteceunovale.com.br\/portal\/index.php?rest_route=%2Fwp%2Fv2%2Fcomments&post=26935"}],"version-history":[{"count":0,"href":"https:\/\/aconteceunovale.com.br\/portal\/index.php?rest_route=\/wp\/v2\/posts\/26935\/revisions"}],"wp:featuredmedia":[{"embeddable":true,"href":"https:\/\/aconteceunovale.com.br\/portal\/index.php?rest_route=\/wp\/v2\/media\/26936"}],"wp:attachment":[{"href":"https:\/\/aconteceunovale.com.br\/portal\/index.php?rest_route=%2Fwp%2Fv2%2Fmedia&parent=26935"}],"wp:term":[{"taxonomy":"category","embeddable":true,"href":"https:\/\/aconteceunovale.com.br\/portal\/index.php?rest_route=%2Fwp%2Fv2%2Fcategories&post=26935"},{"taxonomy":"post_tag","embeddable":true,"href":"https:\/\/aconteceunovale.com.br\/portal\/index.php?rest_route=%2Fwp%2Fv2%2Ftags&post=26935"}],"curies":[{"name":"wp","href":"https:\/\/api.w.org\/{rel}","templated":true}]}}