{"id":26931,"date":"2014-04-21T16:11:47","date_gmt":"2014-04-21T19:11:47","guid":{"rendered":"http:\/\/aconteceunovale.com.br\/portal\/?p=26931"},"modified":"2014-04-21T16:11:47","modified_gmt":"2014-04-21T19:11:47","slug":"aposentada-e-encontrada-morta-dentro-de-residencia-na-zona-rural-de-malacacheta","status":"publish","type":"post","link":"https:\/\/aconteceunovale.com.br\/portal\/?p=26931","title":{"rendered":"Aposentada \u00e9 encontrada morta dentro de resid\u00eancia na Zona Rural de Malacacheta"},"content":{"rendered":"<p>Uma aposentada de 64 anos foi encontrada morta dentro de sua resid\u00eancia, na comunidade C\u00f3rrego Catul\u00e9 de S\u00e1 On\u00e7a, na Zona Rural de Malacacheta, na manh\u00e3 desta segunda-feira, 21 de abril.<\/p>\n<p>De acordo com informa\u00e7\u00f5es do registro de ocorr\u00eancia, o filho da v\u00edtima informou aos policiais atrav\u00e9s de solicita\u00e7\u00e3o via 190, que ao perceber que sua m\u00e3e, estava demorando acordar, ele entrou em seu quarto e notou que a mesma havia falecido.<\/p>\n<p>O Instituto M\u00e9dico Legal de Te\u00f3filo Otoni foi acionado atrav\u00e9s do Sr. Francisco Couy, o qual informou aos policiais que por se tratar de morte natural, n\u00e3o seria necess\u00e1rio o comparecimento da Per\u00edcia T\u00e9cnica, desde que n\u00e3o fosse verificado nenhum ind\u00edcio de viol\u00eancia. <\/p>\n<p>De posse das informa\u00e7\u00f5es, a guarni\u00e7\u00e3o da PM compareceu ao local, onde deparou com o corpo da senhora Brasilina de Souza Almeida em um quarto, pr\u00f3ximo \u00e0 cozinha da resid\u00eancia, em cima de uma cama, coberto por uma mante, em dec\u00fabito lateral direito, sem nenhuma marca de viol\u00eancia f\u00edsica.<\/p>\n<p>O corpo foi liberado para a Funer\u00e1ria S\u00e3o Vicente, que ficaram respons\u00e1veis pelas demais provid\u00eancias.<\/p>\n","protected":false},"excerpt":{"rendered":"<p>Uma aposentada de 64 anos foi encontrada morta dentro de sua resid\u00eancia, na comunidade C\u00f3rrego Catul\u00e9 de S\u00e1 On\u00e7a, na Zona Rural de Malacacheta, na manh\u00e3 desta segunda-feira, 21 de abril. De acordo com informa\u00e7\u00f5es do registro de ocorr\u00eancia, o filho da v\u00edtima informou aos policiais atrav\u00e9s de solicita\u00e7\u00e3o via 190, que ao perceber que [&hellip;]<\/p>\n","protected":false},"author":1,"featured_media":26880,"comment_status":"open","ping_status":"closed","sticky":false,"template":"","format":"standard","meta":{"amp_status":"","footnotes":""},"categories":[122],"tags":[6764,226],"class_list":["post-26931","post","type-post","status-publish","format-standard","has-post-thumbnail","hentry","category-mucuri","tag-aposentada-e-encontrada-morta-dentro-de-residencia-na-zona-rural-de-malacacheta","tag-malacacheta"],"_links":{"self":[{"href":"https:\/\/aconteceunovale.com.br\/portal\/index.php?rest_route=\/wp\/v2\/posts\/26931","targetHints":{"allow":["GET"]}}],"collection":[{"href":"https:\/\/aconteceunovale.com.br\/portal\/index.php?rest_route=\/wp\/v2\/posts"}],"about":[{"href":"https:\/\/aconteceunovale.com.br\/portal\/index.php?rest_route=\/wp\/v2\/types\/post"}],"author":[{"embeddable":true,"href":"https:\/\/aconteceunovale.com.br\/portal\/index.php?rest_route=\/wp\/v2\/users\/1"}],"replies":[{"embeddable":true,"href":"https:\/\/aconteceunovale.com.br\/portal\/index.php?rest_route=%2Fwp%2Fv2%2Fcomments&post=26931"}],"version-history":[{"count":0,"href":"https:\/\/aconteceunovale.com.br\/portal\/index.php?rest_route=\/wp\/v2\/posts\/26931\/revisions"}],"wp:featuredmedia":[{"embeddable":true,"href":"https:\/\/aconteceunovale.com.br\/portal\/index.php?rest_route=\/wp\/v2\/media\/26880"}],"wp:attachment":[{"href":"https:\/\/aconteceunovale.com.br\/portal\/index.php?rest_route=%2Fwp%2Fv2%2Fmedia&parent=26931"}],"wp:term":[{"taxonomy":"category","embeddable":true,"href":"https:\/\/aconteceunovale.com.br\/portal\/index.php?rest_route=%2Fwp%2Fv2%2Fcategories&post=26931"},{"taxonomy":"post_tag","embeddable":true,"href":"https:\/\/aconteceunovale.com.br\/portal\/index.php?rest_route=%2Fwp%2Fv2%2Ftags&post=26931"}],"curies":[{"name":"wp","href":"https:\/\/api.w.org\/{rel}","templated":true}]}}