{"id":26927,"date":"2014-04-21T15:57:28","date_gmt":"2014-04-21T18:57:28","guid":{"rendered":"http:\/\/aconteceunovale.com.br\/portal\/?p=26927"},"modified":"2014-04-21T16:00:11","modified_gmt":"2014-04-21T19:00:11","slug":"homem-fica-ferido-em-acidente-proximo-a-itabira","status":"publish","type":"post","link":"https:\/\/aconteceunovale.com.br\/portal\/?p=26927","title":{"rendered":"Homem fica ferido em acidente pr\u00f3ximo a Itabira"},"content":{"rendered":"<p>Um homem de 34 anos ficou ferido ap\u00f3s capotar o ve\u00edculo que conduzia no KM 07 da MG 129, pr\u00f3ximo \u00e0 cidade de Itabira\/MG. <\/p>\n<p>De acordo com informa\u00e7\u00f5es divulgadas pela Pol\u00edcia Militar, o condutor, Airton Luiz de Souza, informou aos policiais que atenderam a ocorr\u00eancia que seguia pela rodovia MG 129 para a cidade de Ferros\/MG, quando um ve\u00edculo que seguia em sua frente freou repentinamente por causa de um quebra-molas. A v\u00edtima foi obrigada a frear bruscamente, e acabou perdendo o controle do ve\u00edculo e capotando. <\/p>\n<p>O condutor sofreu uma escoria\u00e7\u00e3o leve no bra\u00e7o esquerdo e foi medicado por uma unidade do SAMU no local. A seguradora foi acionada para remo\u00e7\u00e3o do ve\u00edculo.<\/p>\n","protected":false},"excerpt":{"rendered":"<p>Um homem de 34 anos ficou ferido ap\u00f3s capotar o ve\u00edculo que conduzia no KM 07 da MG 129, pr\u00f3ximo \u00e0 cidade de Itabira\/MG. De acordo com informa\u00e7\u00f5es divulgadas pela Pol\u00edcia Militar, o condutor, Airton Luiz de Souza, informou aos policiais que atenderam a ocorr\u00eancia que seguia pela rodovia MG 129 para a cidade de [&hellip;]<\/p>\n","protected":false},"author":1,"featured_media":26880,"comment_status":"open","ping_status":"closed","sticky":false,"template":"","format":"standard","meta":{"amp_status":"","footnotes":""},"categories":[6],"tags":[3378,6763,202],"class_list":["post-26927","post","type-post","status-publish","format-standard","has-post-thumbnail","hentry","category-br","tag-ferros","tag-homem-fica-ferido-em-acidente-proximo-a-itabira","tag-itabira"],"_links":{"self":[{"href":"https:\/\/aconteceunovale.com.br\/portal\/index.php?rest_route=\/wp\/v2\/posts\/26927","targetHints":{"allow":["GET"]}}],"collection":[{"href":"https:\/\/aconteceunovale.com.br\/portal\/index.php?rest_route=\/wp\/v2\/posts"}],"about":[{"href":"https:\/\/aconteceunovale.com.br\/portal\/index.php?rest_route=\/wp\/v2\/types\/post"}],"author":[{"embeddable":true,"href":"https:\/\/aconteceunovale.com.br\/portal\/index.php?rest_route=\/wp\/v2\/users\/1"}],"replies":[{"embeddable":true,"href":"https:\/\/aconteceunovale.com.br\/portal\/index.php?rest_route=%2Fwp%2Fv2%2Fcomments&post=26927"}],"version-history":[{"count":0,"href":"https:\/\/aconteceunovale.com.br\/portal\/index.php?rest_route=\/wp\/v2\/posts\/26927\/revisions"}],"wp:featuredmedia":[{"embeddable":true,"href":"https:\/\/aconteceunovale.com.br\/portal\/index.php?rest_route=\/wp\/v2\/media\/26880"}],"wp:attachment":[{"href":"https:\/\/aconteceunovale.com.br\/portal\/index.php?rest_route=%2Fwp%2Fv2%2Fmedia&parent=26927"}],"wp:term":[{"taxonomy":"category","embeddable":true,"href":"https:\/\/aconteceunovale.com.br\/portal\/index.php?rest_route=%2Fwp%2Fv2%2Fcategories&post=26927"},{"taxonomy":"post_tag","embeddable":true,"href":"https:\/\/aconteceunovale.com.br\/portal\/index.php?rest_route=%2Fwp%2Fv2%2Ftags&post=26927"}],"curies":[{"name":"wp","href":"https:\/\/api.w.org\/{rel}","templated":true}]}}