{"id":26924,"date":"2014-04-21T15:45:00","date_gmt":"2014-04-21T18:45:00","guid":{"rendered":"http:\/\/aconteceunovale.com.br\/portal\/?p=26924"},"modified":"2014-04-21T15:45:00","modified_gmt":"2014-04-21T18:45:00","slug":"morte-de-jovem-de-18-anos-revolta-populacao-de-presidente-kubitscheck","status":"publish","type":"post","link":"https:\/\/aconteceunovale.com.br\/portal\/?p=26924","title":{"rendered":"Morte de jovem de 18 anos revolta popula\u00e7\u00e3o de Presidente Kubitscheck"},"content":{"rendered":"<p>A morte de um jovem de 18 anos na madrugada desta segunda-feira, 21 de abril, deixou revoltada a popula\u00e7\u00e3o da cidade de Presidente Kubitscheck, na microrregi\u00e3o de Diamantina, no Vale do Jequitinhonha.<\/p>\n<p>De acordo com moradores da cidade, a v\u00edtima foi esfaqueada por outro jovem, e mesmo ferida se deslocou at\u00e9 o quartel da Pol\u00edcia Militar da cidade em busca de socorro. Moradores que presenciaram a agonia da v\u00edtima relatam que o policial de plant\u00e3o demorou a abrir a porta, mesmo ap\u00f3s a v\u00edtima quebrar o vidro de uma janela. Ainda segundo moradores, o PM de plant\u00e3o estaria dormindo.<\/p>\n<p>Ap\u00f3s algum tempo agonizando no local, o jovem foi socorrido pelo pr\u00f3prio policial e por moradores e encaminhado ao hospital. A v\u00edtima n\u00e3o resistiu aos ferimentos e morreu.<\/p>\n<p>O suspeito de esfaquear a v\u00edtima fugiu do local e n\u00e3o foi localizado.<\/p>\n<p>A cidade de Presidente Kubitscheck conta com o servi\u00e7o de quatro policiais militares, sendo que no momento do ocorrido, apenas um estaria no plant\u00e3o. Tentamos contato com a corpora\u00e7\u00e3o para falar sobre o ocorrido, mas n\u00e3o obtivemos \u00eaxito.<\/p>\n<p><img decoding=\"async\" src=\"http:\/\/aconteceunovale.com.br\/portal\/wp-content\/uploads\/2014\/04\/IMG-20140421-WA0003.jpg\" alt=\"\" \/><em>(Foto enviada atrav\u00e9s do WhatsApp do Portal Aconteceu no Vale)<\/em><\/p>\n","protected":false},"excerpt":{"rendered":"<p>A morte de um jovem de 18 anos na madrugada desta segunda-feira, 21 de abril, deixou revoltada a popula\u00e7\u00e3o da cidade de Presidente Kubitscheck, na microrregi\u00e3o de Diamantina, no Vale do Jequitinhonha. De acordo com moradores da cidade, a v\u00edtima foi esfaqueada por outro jovem, e mesmo ferida se deslocou at\u00e9 o quartel da Pol\u00edcia [&hellip;]<\/p>\n","protected":false},"author":1,"featured_media":26925,"comment_status":"open","ping_status":"closed","sticky":false,"template":"","format":"standard","meta":{"amp_status":"","footnotes":""},"categories":[120],"tags":[1018,6761,6762],"class_list":["post-26924","post","type-post","status-publish","format-standard","has-post-thumbnail","hentry","category-jequi","tag-destaque","tag-morte-de-jovem-de-18-anos-revolta-populacao-de-presidente-kubitscheck","tag-presidente-kubitscheck"],"_links":{"self":[{"href":"https:\/\/aconteceunovale.com.br\/portal\/index.php?rest_route=\/wp\/v2\/posts\/26924","targetHints":{"allow":["GET"]}}],"collection":[{"href":"https:\/\/aconteceunovale.com.br\/portal\/index.php?rest_route=\/wp\/v2\/posts"}],"about":[{"href":"https:\/\/aconteceunovale.com.br\/portal\/index.php?rest_route=\/wp\/v2\/types\/post"}],"author":[{"embeddable":true,"href":"https:\/\/aconteceunovale.com.br\/portal\/index.php?rest_route=\/wp\/v2\/users\/1"}],"replies":[{"embeddable":true,"href":"https:\/\/aconteceunovale.com.br\/portal\/index.php?rest_route=%2Fwp%2Fv2%2Fcomments&post=26924"}],"version-history":[{"count":0,"href":"https:\/\/aconteceunovale.com.br\/portal\/index.php?rest_route=\/wp\/v2\/posts\/26924\/revisions"}],"wp:featuredmedia":[{"embeddable":true,"href":"https:\/\/aconteceunovale.com.br\/portal\/index.php?rest_route=\/wp\/v2\/media\/26925"}],"wp:attachment":[{"href":"https:\/\/aconteceunovale.com.br\/portal\/index.php?rest_route=%2Fwp%2Fv2%2Fmedia&parent=26924"}],"wp:term":[{"taxonomy":"category","embeddable":true,"href":"https:\/\/aconteceunovale.com.br\/portal\/index.php?rest_route=%2Fwp%2Fv2%2Fcategories&post=26924"},{"taxonomy":"post_tag","embeddable":true,"href":"https:\/\/aconteceunovale.com.br\/portal\/index.php?rest_route=%2Fwp%2Fv2%2Ftags&post=26924"}],"curies":[{"name":"wp","href":"https:\/\/api.w.org\/{rel}","templated":true}]}}