{"id":26906,"date":"2014-04-21T13:47:02","date_gmt":"2014-04-21T16:47:02","guid":{"rendered":"http:\/\/aconteceunovale.com.br\/portal\/?p=26906"},"modified":"2014-04-21T13:48:27","modified_gmt":"2014-04-21T16:48:27","slug":"moradores-denunciam-infestacao-de-ratos-em-creche-no-distrito-do-guinda-em-diamantina","status":"publish","type":"post","link":"https:\/\/aconteceunovale.com.br\/portal\/?p=26906","title":{"rendered":"Moradores denunciam infesta\u00e7\u00e3o de ratos em creche no distrito do Guinda em Diamantina"},"content":{"rendered":"<p>Uma creche localizada a Rua Ant\u00f4nio Carvalho da Cruz, no distrito do Guinda, em Diamantina, Vale do Jequitinhonha, est\u00e1 causando revolta em moradores e pais de 34 crian\u00e7as que s\u00e3o atendidas diariamente pela unidade.<\/p>\n<p>De acordo informa\u00e7\u00f5es de uma m\u00e3e que n\u00e3o quis se identificar, o local est\u00e1 infestado de ratos, nas fotos enviadas \u00e9 poss\u00edvel ver ind\u00edcios de fezes e urina desses animais espalhadas pelo estabelecimento. Nas fotos \u00e9 poss\u00edvel ver fezes espalhadas em meio aos alimentos, materiais escolares, dentro de gavetas e at\u00e9 nas vasilhas utilizadas para preparo de alimentos que s\u00e3o servidos as crian\u00e7as. <\/p>\n<p><img decoding=\"async\" src=\"http:\/\/aconteceunovale.com.br\/portal\/wp-content\/uploads\/2014\/04\/infestacao_ratos_creche_guinda_dtna_21_04_1.jpg\" alt=\"\" \/><em>(Fezes s\u00e3o encontradas em v\u00e1rios locais da creche, inclusive em meio aos alimentos)<\/em><br \/>\n<\/br><\/p>\n<p>Segundo a presidente da Associa\u00e7\u00e3o do Distrito, Patr\u00edcia Pitella Ribeiro, o caso j\u00e1 foi comunicado a Secret\u00e1ria Municipal de Educa\u00e7\u00e3o, no entanto at\u00e9 a presente data, nenhuma solu\u00e7\u00e3o foi tomada. Ainda segundo a presidente, o caso foi comunicado tamb\u00e9m ao Prefeito Municipal, Dr. Paulo C\u00e9lio, sendo que este se prontificou entrar em contato com a Secretaria de Educa\u00e7\u00e3o para que ela resolvesse o problema citado.<\/p>\n<p>A creche atende 34 crian\u00e7as com idades entre 2 e 5 anos. O fato causa preocupa\u00e7\u00e3o aos pais, j\u00e1 que o contato direto com fezes e urina de ratos podem causar v\u00e1rias doen\u00e7as.<\/p>\n<p>De acordo com Patr\u00edcia Pitella, um movimento est\u00e1 sendo organizado para esta ter\u00e7a-feira, 22 de abril, com o objetivo de impedir a entrada de crian\u00e7as no local, at\u00e9 que provid\u00eancias sejam tomadas pela Secret\u00e1ria Municipal de Educa\u00e7\u00e3o.<\/p>\n<p><img decoding=\"async\" src=\"http:\/\/aconteceunovale.com.br\/portal\/wp-content\/uploads\/2014\/04\/esgoto_proximo_creche.jpg\" alt=\"\" \/><em>(Esgoto pr\u00f3ximo \u00e0 creche pode ser a causa da infesta\u00e7\u00e3o)<\/em><br \/>\n<\/br><\/p>\n<h4><strong>Fotos enviadas por moradores mostram fezes e urina em v\u00e1rios pontos da creche<\/strong><\/h4>\n<p><img decoding=\"async\" src=\"http:\/\/aconteceunovale.com.br\/portal\/wp-content\/uploads\/2014\/04\/infestacao_ratos_creche_guinda_dtna_21_04_2.jpg\" alt=\"\" \/><br \/>\n<div id='gallery-1' class='gallery galleryid-26906 gallery-columns-3 gallery-size-thumbnail'><figure class='gallery-item'>\n\t\t\t<div class='gallery-icon landscape'>\n\t\t\t\t<a href='https:\/\/aconteceunovale.com.br\/portal\/wp-content\/uploads\/2014\/04\/infestacao_ratos_creche_guinda_dtna_21_04_1.jpg'><img loading=\"lazy\" decoding=\"async\" width=\"150\" height=\"150\" src=\"https:\/\/aconteceunovale.com.br\/portal\/wp-content\/uploads\/2014\/04\/infestacao_ratos_creche_guinda_dtna_21_04_1-150x150.jpg\" class=\"attachment-thumbnail size-thumbnail\" alt=\"\" \/><\/a>\n\t\t\t<\/div><\/figure><figure class='gallery-item'>\n\t\t\t<div class='gallery-icon portrait'>\n\t\t\t\t<a href='https:\/\/aconteceunovale.com.br\/portal\/wp-content\/uploads\/2014\/04\/infestacao_ratos_creche_guinda_dtna_21_04_3.jpg'><img loading=\"lazy\" decoding=\"async\" width=\"150\" height=\"150\" src=\"https:\/\/aconteceunovale.com.br\/portal\/wp-content\/uploads\/2014\/04\/infestacao_ratos_creche_guinda_dtna_21_04_3-150x150.jpg\" class=\"attachment-thumbnail size-thumbnail\" alt=\"\" \/><\/a>\n\t\t\t<\/div><\/figure><figure class='gallery-item'>\n\t\t\t<div class='gallery-icon landscape'>\n\t\t\t\t<a href='https:\/\/aconteceunovale.com.br\/portal\/wp-content\/uploads\/2014\/04\/infestacao_ratos_creche_guinda_dtna_21_04_4.jpg'><img loading=\"lazy\" decoding=\"async\" width=\"150\" height=\"150\" src=\"https:\/\/aconteceunovale.com.br\/portal\/wp-content\/uploads\/2014\/04\/infestacao_ratos_creche_guinda_dtna_21_04_4-150x150.jpg\" class=\"attachment-thumbnail size-thumbnail\" alt=\"\" \/><\/a>\n\t\t\t<\/div><\/figure><figure class='gallery-item'>\n\t\t\t<div class='gallery-icon landscape'>\n\t\t\t\t<a href='https:\/\/aconteceunovale.com.br\/portal\/wp-content\/uploads\/2014\/04\/infestacao_ratos_creche_guinda_dtna_21_04_5.jpg'><img loading=\"lazy\" decoding=\"async\" width=\"150\" height=\"150\" src=\"https:\/\/aconteceunovale.com.br\/portal\/wp-content\/uploads\/2014\/04\/infestacao_ratos_creche_guinda_dtna_21_04_5-150x150.jpg\" class=\"attachment-thumbnail size-thumbnail\" alt=\"\" \/><\/a>\n\t\t\t<\/div><\/figure><figure class='gallery-item'>\n\t\t\t<div class='gallery-icon landscape'>\n\t\t\t\t<a href='https:\/\/aconteceunovale.com.br\/portal\/wp-content\/uploads\/2014\/04\/infestacao_ratos_creche_guinda_dtna_21_04_6.jpg'><img loading=\"lazy\" decoding=\"async\" width=\"150\" height=\"150\" src=\"https:\/\/aconteceunovale.com.br\/portal\/wp-content\/uploads\/2014\/04\/infestacao_ratos_creche_guinda_dtna_21_04_6-150x150.jpg\" class=\"attachment-thumbnail size-thumbnail\" alt=\"\" \/><\/a>\n\t\t\t<\/div><\/figure><figure class='gallery-item'>\n\t\t\t<div class='gallery-icon landscape'>\n\t\t\t\t<a href='https:\/\/aconteceunovale.com.br\/portal\/wp-content\/uploads\/2014\/04\/infestacao_ratos_creche_guinda_dtna_21_04_7.jpg'><img loading=\"lazy\" decoding=\"async\" width=\"150\" height=\"150\" src=\"https:\/\/aconteceunovale.com.br\/portal\/wp-content\/uploads\/2014\/04\/infestacao_ratos_creche_guinda_dtna_21_04_7-150x150.jpg\" class=\"attachment-thumbnail size-thumbnail\" alt=\"\" \/><\/a>\n\t\t\t<\/div><\/figure>\n\t\t<\/div>\n<br \/>\n<\/br><\/p>\n<h4><strong>Doen\u00e7as transmitidas pelos ratos<\/strong><\/h4>\n<p>As fezes, urina, pulgas e mordidas desses animais podem transmitir v\u00e1rias doen\u00e7as potencialmente fatais ao ser humano. As doen\u00e7as podem ser transmitidas de maneira direta ou indireta, mas, geralmente o cont\u00e1gio ocorre principalmente pelo contato entre as m\u00e3os infectadas e a boca. <\/p>\n<p><strong>Leptospirose<\/strong><\/p>\n<p>A Leptospirose \u00e9 tamb\u00e9m conhecida como doen\u00e7a de Weil. Essa doen\u00e7a \u00e9 causada por duas esp\u00e9cies de bact\u00e9rias (Leptospira spp.). Essas bact\u00e9rias ficam alojadas nos rins dos ratos e s\u00e3o soltas na sua urina. Quando ocorrem enchentes e esta urina se mistura \u00e0 \u00e1gua, lama ou a alguns alimentos aquosos, as bact\u00e9rias podem penetrar no homem pelas mucosas ou pela pele, \u00edntegra ou principalmente se estiver com algum machucado.<\/p>\n<p><strong>Peste bub\u00f4nica<\/strong><\/p>\n<p>A peste bub\u00f4nica \u00e9 causada pela Yersinia pestis (ex-Pasteurella pestis), e \u00e9 uma das doen\u00e7as mais antigas que afligem a humanidade. \u00c9 transmitida pela pulga-do-rato, Xenopsylla cheopsis. Tamb\u00e9m chamada de &#8220;peste negra&#8221; ou &#8220;morte negra&#8221;, a peste bub\u00f4nica matou milh\u00f5es de pessoas na Europa e \u00c1sia na Idade M\u00e9dia. Naquela \u00e9poca, o agente transmissor da doen\u00e7a vivia no rato-de-telhado. A peste bub\u00f4nica foi uma doen\u00e7a terr\u00edvel, mas hoje em dia n\u00e3o tem a mesma import\u00e2ncia de antes. Apesar disso, continua matando pessoas na \u00cdndia, Paquist\u00e3o, Bangladesh e at\u00e9 mesmo no Brasil, principalmente no Nordeste.<\/p>\n<p><strong>Tifo murino<\/strong><\/p>\n<p>O tifo murino tamb\u00e9m \u00e9 conhecido como febre murina. \u00c9 transmitido ao homem pela picada da pulga-do-rato infectada pela bact\u00e9ria Rickettsia typhi.<\/p>\n<p><strong>Febre da mordida do rato<\/strong><\/p>\n<p>A febre da mordida do rato \u00e9 transmitida pela mordida do rato, estando o rato infectado pelo Spirillum minus. Os ratos mordem principalmente crian\u00e7as e idosos que estejam confinados \u00e0s suas camas. A transmiss\u00e3o ocorre pela saliva do rato.<\/p>\n<p><strong>Salmoneloses<\/strong><\/p>\n<p>As bact\u00e9rias salmonelas causam envenenamentos alimentares, como graves gastroenterites. As ratazanas s\u00e3o muito incriminadas pela contamina\u00e7\u00e3o dos alimentos, principalmente por frequentarem ambientes com muita salmonela, como os esgotos. O homem adquire a doen\u00e7a ingerindo alimentos contaminados.<\/p>\n<p><strong>Sarnas e micoses<\/strong><br \/>\nAs sarnas e micoses s\u00e3o os efeitos da a\u00e7\u00e3o de ectoparasitos. Ocorrem no homem e nos animais. Os ratos disseminam mecanicamente esses agentes causadores.<\/p>\n<p><strong>Hantavirose<\/strong><\/p>\n<p>Os ratos tamb\u00e9m podem transmitir o hantav\u00edrus pela urina e saliva. O agente causa uma virose mortal.<\/p>\n<p><strong>OUTRAS FOTOS DO LOCAL:<\/strong><\/p>\n","protected":false},"excerpt":{"rendered":"<p>Uma creche localizada a Rua Ant\u00f4nio Carvalho da Cruz, no distrito do Guinda, em Diamantina, Vale do Jequitinhonha, est\u00e1 causando revolta em moradores e pais de 34 crian\u00e7as que s\u00e3o atendidas diariamente pela unidade. De acordo informa\u00e7\u00f5es de uma m\u00e3e que n\u00e3o quis se identificar, o local est\u00e1 infestado de ratos, nas fotos enviadas \u00e9 [&hellip;]<\/p>\n","protected":false},"author":1,"featured_media":26913,"comment_status":"open","ping_status":"closed","sticky":false,"template":"","format":"standard","meta":{"amp_status":"","footnotes":""},"categories":[120],"tags":[1018,198,6755,6754],"class_list":["post-26906","post","type-post","status-publish","format-standard","has-post-thumbnail","hentry","category-jequi","tag-destaque","tag-diamantina","tag-infestacao-de-ratos-na-creche-do-guinda-em-diamantina","tag-moradores-denunciam-infestacao-de-ratos-em-creche-no-distrito-do-guinda-em-diamantina"],"_links":{"self":[{"href":"https:\/\/aconteceunovale.com.br\/portal\/index.php?rest_route=\/wp\/v2\/posts\/26906","targetHints":{"allow":["GET"]}}],"collection":[{"href":"https:\/\/aconteceunovale.com.br\/portal\/index.php?rest_route=\/wp\/v2\/posts"}],"about":[{"href":"https:\/\/aconteceunovale.com.br\/portal\/index.php?rest_route=\/wp\/v2\/types\/post"}],"author":[{"embeddable":true,"href":"https:\/\/aconteceunovale.com.br\/portal\/index.php?rest_route=\/wp\/v2\/users\/1"}],"replies":[{"embeddable":true,"href":"https:\/\/aconteceunovale.com.br\/portal\/index.php?rest_route=%2Fwp%2Fv2%2Fcomments&post=26906"}],"version-history":[{"count":0,"href":"https:\/\/aconteceunovale.com.br\/portal\/index.php?rest_route=\/wp\/v2\/posts\/26906\/revisions"}],"wp:featuredmedia":[{"embeddable":true,"href":"https:\/\/aconteceunovale.com.br\/portal\/index.php?rest_route=\/wp\/v2\/media\/26913"}],"wp:attachment":[{"href":"https:\/\/aconteceunovale.com.br\/portal\/index.php?rest_route=%2Fwp%2Fv2%2Fmedia&parent=26906"}],"wp:term":[{"taxonomy":"category","embeddable":true,"href":"https:\/\/aconteceunovale.com.br\/portal\/index.php?rest_route=%2Fwp%2Fv2%2Fcategories&post=26906"},{"taxonomy":"post_tag","embeddable":true,"href":"https:\/\/aconteceunovale.com.br\/portal\/index.php?rest_route=%2Fwp%2Fv2%2Ftags&post=26906"}],"curies":[{"name":"wp","href":"https:\/\/api.w.org\/{rel}","templated":true}]}}