{"id":26898,"date":"2014-04-21T11:20:54","date_gmt":"2014-04-21T14:20:54","guid":{"rendered":"http:\/\/aconteceunovale.com.br\/portal\/?p=26898"},"modified":"2014-04-21T11:20:54","modified_gmt":"2014-04-21T14:20:54","slug":"combate-a-violencia-sexual-contra-jovens-e-tema-de-seminario-no-vale-do-jequitinhonha","status":"publish","type":"post","link":"https:\/\/aconteceunovale.com.br\/portal\/?p=26898","title":{"rendered":"Combate \u00e0 viol\u00eancia sexual contra jovens \u00e9 tema de semin\u00e1rio no Vale do Jequitinhonha"},"content":{"rendered":"<p>A cidade de Itaobim (MG) recebe esta semana (dias 24 e 25) o semin\u00e1rio regional Enfrentamento \u00e0 viol\u00eancia sexual contra crian\u00e7as e adolescentes: assumindo responsabilidades e reafirmando compromissos, promovido pelo programa Polo de Integra\u00e7\u00e3o da UFMG no Vale do Jequitinhonha em parceria com o projeto Casa da Juventude.<\/p>\n<p>A programa\u00e7\u00e3o inclui mesas de discuss\u00e3o, plen\u00e1rias propositivas, oficinas de teatro e apresenta\u00e7\u00f5es culturais. O objetivo do evento \u00e9 ampliar as discuss\u00f5es sobre o tema e compartilhar m\u00e9todos de enfrentamento \u00e0 viol\u00eancia sexual contra crian\u00e7as e adolescentes na regi\u00e3o, de modo a mobilizar a popula\u00e7\u00e3o no desenvolvimento de a\u00e7\u00f5es coletivas e pol\u00edticas p\u00fablicas mais efetivas.<\/p>\n<p>Para participar, \u00e9 necess\u00e1rio se inscrever atrav\u00e9s do endere\u00e7o eletr\u00f4nico seminariocasadajuventude@gmail.com ou por meio de <a href=\"https:\/\/docs.google.com\/forms\/d\/1lyad1YFXtxbLFlrEIEpqEltAaVyet1eGlOvp3SJ9H90\/viewform\" target=\"_blank\">formul\u00e1rio dispon\u00edvel no site do Polo Jequitinhonha<\/a>.<\/p>\n<p>Mais informa\u00e7\u00f5es pelo telefone (33) 3734-1616.<\/p>\n<p><img decoding=\"async\" src=\"http:\/\/aconteceunovale.com.br\/portal\/wp-content\/uploads\/2014\/04\/seminario_violencia_sexual_itaobim_21_04.jpg\" alt=\"\" \/><\/p>\n","protected":false},"excerpt":{"rendered":"<p>A cidade de Itaobim (MG) recebe esta semana (dias 24 e 25) o semin\u00e1rio regional Enfrentamento \u00e0 viol\u00eancia sexual contra crian\u00e7as e adolescentes: assumindo responsabilidades e reafirmando compromissos, promovido pelo programa Polo de Integra\u00e7\u00e3o da UFMG no Vale do Jequitinhonha em parceria com o projeto Casa da Juventude. A programa\u00e7\u00e3o inclui mesas de discuss\u00e3o, plen\u00e1rias [&hellip;]<\/p>\n","protected":false},"author":1,"featured_media":26899,"comment_status":"open","ping_status":"closed","sticky":false,"template":"","format":"standard","meta":{"amp_status":"","footnotes":""},"categories":[125],"tags":[6751,391],"class_list":["post-26898","post","type-post","status-publish","format-standard","has-post-thumbnail","hentry","category-noticias","tag-combate-a-violencia-sexual-contra-jovens-e-tema-de-seminario-no-vale-do-jequitinhonha","tag-itaobim"],"_links":{"self":[{"href":"https:\/\/aconteceunovale.com.br\/portal\/index.php?rest_route=\/wp\/v2\/posts\/26898","targetHints":{"allow":["GET"]}}],"collection":[{"href":"https:\/\/aconteceunovale.com.br\/portal\/index.php?rest_route=\/wp\/v2\/posts"}],"about":[{"href":"https:\/\/aconteceunovale.com.br\/portal\/index.php?rest_route=\/wp\/v2\/types\/post"}],"author":[{"embeddable":true,"href":"https:\/\/aconteceunovale.com.br\/portal\/index.php?rest_route=\/wp\/v2\/users\/1"}],"replies":[{"embeddable":true,"href":"https:\/\/aconteceunovale.com.br\/portal\/index.php?rest_route=%2Fwp%2Fv2%2Fcomments&post=26898"}],"version-history":[{"count":0,"href":"https:\/\/aconteceunovale.com.br\/portal\/index.php?rest_route=\/wp\/v2\/posts\/26898\/revisions"}],"wp:featuredmedia":[{"embeddable":true,"href":"https:\/\/aconteceunovale.com.br\/portal\/index.php?rest_route=\/wp\/v2\/media\/26899"}],"wp:attachment":[{"href":"https:\/\/aconteceunovale.com.br\/portal\/index.php?rest_route=%2Fwp%2Fv2%2Fmedia&parent=26898"}],"wp:term":[{"taxonomy":"category","embeddable":true,"href":"https:\/\/aconteceunovale.com.br\/portal\/index.php?rest_route=%2Fwp%2Fv2%2Fcategories&post=26898"},{"taxonomy":"post_tag","embeddable":true,"href":"https:\/\/aconteceunovale.com.br\/portal\/index.php?rest_route=%2Fwp%2Fv2%2Ftags&post=26898"}],"curies":[{"name":"wp","href":"https:\/\/api.w.org\/{rel}","templated":true}]}}