{"id":26895,"date":"2014-04-21T11:11:16","date_gmt":"2014-04-21T14:11:16","guid":{"rendered":"http:\/\/aconteceunovale.com.br\/portal\/?p=26895"},"modified":"2014-04-21T11:11:16","modified_gmt":"2014-04-21T14:11:16","slug":"homem-e-morto-a-tiros-na-zona-rural-de-aracuai","status":"publish","type":"post","link":"https:\/\/aconteceunovale.com.br\/portal\/?p=26895","title":{"rendered":"Homem \u00e9 morto a tiros na zona rural de Ara\u00e7ua\u00ed"},"content":{"rendered":"<p>Um homem foi morto a tiros, na noite de domingo (20) na regi\u00e3o conhecida por Gravat\u00e1 de Baixo, zona rural de Ara\u00e7ua\u00ed, no Vale do Jequitinhonha. De acordo com a Pol\u00edcia Militar, o homem identificado como Valdeir C\u00e2mara Moreira, 27 anos, estava em um bar da localidade,  por volta das 19h, quando foi morto.<\/p>\n<p>Segundo a PM, os tiros teriam sido disparados por Marcos Luiz Nunes, 29 anos. Em seguida ele fugiu em uma Hilux prata, placa do Rio de Janeiro. Ainda segundo a PM, antes de atirar, Marcos Luiz  teria dito ao homem que \u201cagora ele n\u00e3o mais iria amea\u00e7ar pai de ningu\u00e9m\u201d.<\/p>\n<p>Uma equipe do SAMU prestou os primeiros socorros \u00e0 v\u00edtima que n\u00e3o resistiu aos ferimentos. Valdeir C\u00e2mara foi morto com 3 tiros de rev\u00f3lver que atingiram o rosto, a cabe\u00e7a e o bra\u00e7o dele.<\/p>\n<p>Policiais fazem rastreamento na tentativa de prender o autor do crime. (Gazeta de Ara\u00e7ua\u00ed)<\/p>\n","protected":false},"excerpt":{"rendered":"<p>Um homem foi morto a tiros, na noite de domingo (20) na regi\u00e3o conhecida por Gravat\u00e1 de Baixo, zona rural de Ara\u00e7ua\u00ed, no Vale do Jequitinhonha. De acordo com a Pol\u00edcia Militar, o homem identificado como Valdeir C\u00e2mara Moreira, 27 anos, estava em um bar da localidade, por volta das 19h, quando foi morto. Segundo [&hellip;]<\/p>\n","protected":false},"author":1,"featured_media":23328,"comment_status":"open","ping_status":"closed","sticky":false,"template":"","format":"standard","meta":{"amp_status":"","footnotes":""},"categories":[120],"tags":[186,6750],"class_list":["post-26895","post","type-post","status-publish","format-standard","has-post-thumbnail","hentry","category-jequi","tag-aracuai","tag-homem-e-morto-a-tiros-na-zona-rural-de-aracuai"],"_links":{"self":[{"href":"https:\/\/aconteceunovale.com.br\/portal\/index.php?rest_route=\/wp\/v2\/posts\/26895","targetHints":{"allow":["GET"]}}],"collection":[{"href":"https:\/\/aconteceunovale.com.br\/portal\/index.php?rest_route=\/wp\/v2\/posts"}],"about":[{"href":"https:\/\/aconteceunovale.com.br\/portal\/index.php?rest_route=\/wp\/v2\/types\/post"}],"author":[{"embeddable":true,"href":"https:\/\/aconteceunovale.com.br\/portal\/index.php?rest_route=\/wp\/v2\/users\/1"}],"replies":[{"embeddable":true,"href":"https:\/\/aconteceunovale.com.br\/portal\/index.php?rest_route=%2Fwp%2Fv2%2Fcomments&post=26895"}],"version-history":[{"count":0,"href":"https:\/\/aconteceunovale.com.br\/portal\/index.php?rest_route=\/wp\/v2\/posts\/26895\/revisions"}],"wp:featuredmedia":[{"embeddable":true,"href":"https:\/\/aconteceunovale.com.br\/portal\/index.php?rest_route=\/wp\/v2\/media\/23328"}],"wp:attachment":[{"href":"https:\/\/aconteceunovale.com.br\/portal\/index.php?rest_route=%2Fwp%2Fv2%2Fmedia&parent=26895"}],"wp:term":[{"taxonomy":"category","embeddable":true,"href":"https:\/\/aconteceunovale.com.br\/portal\/index.php?rest_route=%2Fwp%2Fv2%2Fcategories&post=26895"},{"taxonomy":"post_tag","embeddable":true,"href":"https:\/\/aconteceunovale.com.br\/portal\/index.php?rest_route=%2Fwp%2Fv2%2Ftags&post=26895"}],"curies":[{"name":"wp","href":"https:\/\/api.w.org\/{rel}","templated":true}]}}