{"id":26885,"date":"2014-04-21T10:23:03","date_gmt":"2014-04-21T13:23:03","guid":{"rendered":"http:\/\/aconteceunovale.com.br\/portal\/?p=26885"},"modified":"2014-04-21T11:15:03","modified_gmt":"2014-04-21T14:15:03","slug":"morre-em-belo-horizonte-o-empresario-mauro-pedra-da-ibiza-eventos","status":"publish","type":"post","link":"https:\/\/aconteceunovale.com.br\/portal\/?p=26885","title":{"rendered":"Morre em Belo Horizonte o empres\u00e1rio Mauro Pedra da Ibiza Eventos"},"content":{"rendered":"<p>Morreu na manh\u00e3 desta segunda-feira, 21 de abril, em Belo Horizonte\/MG, o empres\u00e1rio Mauro L\u00facio Pedra, propriet\u00e1rio da produtora Ibiza Eventos. Mauro Pedra era conhecido na regi\u00e3o de Capelinha, no Vale do Jequitinhonha, durante anos sua empresa foi respons\u00e1vel pela realiza\u00e7\u00e3o da Festa do Capelinhense Ausente e outros grandes eventos na cidade e na regi\u00e3o.<\/p>\n<p>Mauro Pedra completaria 45 anos no pr\u00f3ximo dia 06 de agosto e desde agosto de 2013 lutava contra um c\u00e2ncer, tendo passado por cirurgias e v\u00e1rias sess\u00f5es de quimioterapia e radioterapia. O empres\u00e1rio era casado com Amanda Burgarelli, com quem tinha uma filha. <\/p>\n<p>O sepultamento ser\u00e1 realizado \u00e0s 16 horas no Cemit\u00e9rio Bosque da Esperan\u00e7a, na capital mineira.<\/p>\n<p><img decoding=\"async\" src=\"http:\/\/aconteceunovale.com.br\/portal\/wp-content\/uploads\/2014\/04\/mauro_pedra_21_04_14.jpg\" alt=\"\" \/><em>(Foto: Reprodu\u00e7\u00e3o Facebook)<\/em><br \/>\n<\/br><\/p>\n<p><em>(Reda\u00e7\u00e3o do Portal Aconteceu no Vale com informa\u00e7\u00f5es de Aldair Gomes\/Aran\u00e3s FM)<\/em><\/p>\n","protected":false},"excerpt":{"rendered":"<p>Morreu na manh\u00e3 desta segunda-feira, 21 de abril, em Belo Horizonte\/MG, o empres\u00e1rio Mauro L\u00facio Pedra, propriet\u00e1rio da produtora Ibiza Eventos. Mauro Pedra era conhecido na regi\u00e3o de Capelinha, no Vale do Jequitinhonha, durante anos sua empresa foi respons\u00e1vel pela realiza\u00e7\u00e3o da Festa do Capelinhense Ausente e outros grandes eventos na cidade e na regi\u00e3o. [&hellip;]<\/p>\n","protected":false},"author":1,"featured_media":26886,"comment_status":"open","ping_status":"closed","sticky":false,"template":"","format":"standard","meta":{"amp_status":"","footnotes":""},"categories":[123],"tags":[2029,6741,6740,6743,6742],"class_list":["post-26885","post","type-post","status-publish","format-standard","has-post-thumbnail","hentry","category-gerais","tag-ibiza-eventos","tag-mauro-pedra","tag-morre-em-belo-horizonte-o-empresario-mauro-pedra-da-ibiza-eventos","tag-morre-o-empresario-mauro-pedra","tag-morre-o-proprietario-da-ibiza-eventos"],"_links":{"self":[{"href":"https:\/\/aconteceunovale.com.br\/portal\/index.php?rest_route=\/wp\/v2\/posts\/26885","targetHints":{"allow":["GET"]}}],"collection":[{"href":"https:\/\/aconteceunovale.com.br\/portal\/index.php?rest_route=\/wp\/v2\/posts"}],"about":[{"href":"https:\/\/aconteceunovale.com.br\/portal\/index.php?rest_route=\/wp\/v2\/types\/post"}],"author":[{"embeddable":true,"href":"https:\/\/aconteceunovale.com.br\/portal\/index.php?rest_route=\/wp\/v2\/users\/1"}],"replies":[{"embeddable":true,"href":"https:\/\/aconteceunovale.com.br\/portal\/index.php?rest_route=%2Fwp%2Fv2%2Fcomments&post=26885"}],"version-history":[{"count":0,"href":"https:\/\/aconteceunovale.com.br\/portal\/index.php?rest_route=\/wp\/v2\/posts\/26885\/revisions"}],"wp:featuredmedia":[{"embeddable":true,"href":"https:\/\/aconteceunovale.com.br\/portal\/index.php?rest_route=\/wp\/v2\/media\/26886"}],"wp:attachment":[{"href":"https:\/\/aconteceunovale.com.br\/portal\/index.php?rest_route=%2Fwp%2Fv2%2Fmedia&parent=26885"}],"wp:term":[{"taxonomy":"category","embeddable":true,"href":"https:\/\/aconteceunovale.com.br\/portal\/index.php?rest_route=%2Fwp%2Fv2%2Fcategories&post=26885"},{"taxonomy":"post_tag","embeddable":true,"href":"https:\/\/aconteceunovale.com.br\/portal\/index.php?rest_route=%2Fwp%2Fv2%2Ftags&post=26885"}],"curies":[{"name":"wp","href":"https:\/\/api.w.org\/{rel}","templated":true}]}}