{"id":26882,"date":"2014-04-20T23:25:25","date_gmt":"2014-04-21T02:25:25","guid":{"rendered":"http:\/\/aconteceunovale.com.br\/portal\/?p=26882"},"modified":"2014-04-20T23:25:25","modified_gmt":"2014-04-21T02:25:25","slug":"policia-militar-prende-jovem-por-porte-ilegal-de-arma-de-fogo-em-jequitinhonha","status":"publish","type":"post","link":"https:\/\/aconteceunovale.com.br\/portal\/?p=26882","title":{"rendered":"Pol\u00edcia Militar prende jovem por porte ilegal de arma de fogo em Jequitinhonha"},"content":{"rendered":"<p>Um jovem de 18 anos foi preso e uma arma apreendida na tarde deste domingo, em Jequitinhonha, no Vale do Jequitinhonha. <\/p>\n<p>Segundo informa\u00e7\u00f5es do Pol\u00edcia Militar, durante um evento no Clube Campestre, situado \u00e0 Rua Diamantina, 79, no Bairro Montes Claros, em Jequitinhonha, o autor L.P.L, 18 anos, foi abordado em atitude suspeita, e ap\u00f3s ser submetido a busca pessoal, foi localizado no bolso de sua bermuda, uma garrucha calibre 22, municiada com 02 cartuchos do mesmo calibre, sendo um intacto e outro com a borda percutida.<\/p>\n<p>O jovem relatou aos policiais que estava andando armado devido est\u00e1 devendo drogas il\u00edcitas a alguns traficantes da cidade, o qual n\u00e3o quis informar os nomes. Ele foi preso e conduzido ao DEPOL de plant\u00e3o em Almenara.<\/p>\n","protected":false},"excerpt":{"rendered":"<p>Um jovem de 18 anos foi preso e uma arma apreendida na tarde deste domingo, em Jequitinhonha, no Vale do Jequitinhonha. Segundo informa\u00e7\u00f5es do Pol\u00edcia Militar, durante um evento no Clube Campestre, situado \u00e0 Rua Diamantina, 79, no Bairro Montes Claros, em Jequitinhonha, o autor L.P.L, 18 anos, foi abordado em atitude suspeita, e ap\u00f3s [&hellip;]<\/p>\n","protected":false},"author":1,"featured_media":25373,"comment_status":"open","ping_status":"closed","sticky":false,"template":"","format":"standard","meta":{"amp_status":"","footnotes":""},"categories":[120],"tags":[6739,206030],"class_list":["post-26882","post","type-post","status-publish","format-standard","has-post-thumbnail","hentry","category-jequi","tag-policia-militar-prende-jovem-por-porte-ilegal-de-arma-de-fogo-em-jequitinhonha","tag-jequi"],"_links":{"self":[{"href":"https:\/\/aconteceunovale.com.br\/portal\/index.php?rest_route=\/wp\/v2\/posts\/26882","targetHints":{"allow":["GET"]}}],"collection":[{"href":"https:\/\/aconteceunovale.com.br\/portal\/index.php?rest_route=\/wp\/v2\/posts"}],"about":[{"href":"https:\/\/aconteceunovale.com.br\/portal\/index.php?rest_route=\/wp\/v2\/types\/post"}],"author":[{"embeddable":true,"href":"https:\/\/aconteceunovale.com.br\/portal\/index.php?rest_route=\/wp\/v2\/users\/1"}],"replies":[{"embeddable":true,"href":"https:\/\/aconteceunovale.com.br\/portal\/index.php?rest_route=%2Fwp%2Fv2%2Fcomments&post=26882"}],"version-history":[{"count":0,"href":"https:\/\/aconteceunovale.com.br\/portal\/index.php?rest_route=\/wp\/v2\/posts\/26882\/revisions"}],"wp:featuredmedia":[{"embeddable":true,"href":"https:\/\/aconteceunovale.com.br\/portal\/index.php?rest_route=\/wp\/v2\/media\/25373"}],"wp:attachment":[{"href":"https:\/\/aconteceunovale.com.br\/portal\/index.php?rest_route=%2Fwp%2Fv2%2Fmedia&parent=26882"}],"wp:term":[{"taxonomy":"category","embeddable":true,"href":"https:\/\/aconteceunovale.com.br\/portal\/index.php?rest_route=%2Fwp%2Fv2%2Fcategories&post=26882"},{"taxonomy":"post_tag","embeddable":true,"href":"https:\/\/aconteceunovale.com.br\/portal\/index.php?rest_route=%2Fwp%2Fv2%2Ftags&post=26882"}],"curies":[{"name":"wp","href":"https:\/\/api.w.org\/{rel}","templated":true}]}}