{"id":26876,"date":"2014-04-20T22:26:32","date_gmt":"2014-04-21T01:26:32","guid":{"rendered":"http:\/\/aconteceunovale.com.br\/portal\/?p=26876"},"modified":"2014-04-20T22:26:32","modified_gmt":"2014-04-21T01:26:32","slug":"incendio-em-apartamento-mobiliza-bombeiros-em-montes-claros","status":"publish","type":"post","link":"https:\/\/aconteceunovale.com.br\/portal\/?p=26876","title":{"rendered":"Inc\u00eandio em apartamento mobiliza Bombeiros em Montes Claros"},"content":{"rendered":"<p>Um princ\u00edpio de inc\u00eandio na tarde deste domingo, 20 de abril, em um apartamento no bairro Alto S\u00e3o Jo\u00e3o, regi\u00e3o central de Montes Claros, mobilizou os homens bombeiros do S\u00e9timo Batalh\u00e3o.<\/p>\n<p>Segundo a companhia, devido \u00e0 fuma\u00e7a t\u00f3xica no interior do im\u00f3vel, os bombeiros tiveram que utilizar equipamentos apropriados e m\u00e1scaras de respira\u00e7\u00e3o para combater o inc\u00eandio. Foram utilizados aproximadamente 2 mil litros d\u2019agua para apagar as chamas. N\u00e3o havia ningu\u00e9m na resid\u00eancia no momento do ocorrido.<\/p>\n<p>Os bombeiros n\u00e3o conseguiram determinar as causas do inc\u00eandio, que danificou m\u00f3veis e alguns eletrodom\u00e9sticos da resid\u00eancia. Ao t\u00e9rmino dos trabalhos, os bombeiros repassaram orienta\u00e7\u00f5es de seguran\u00e7a aos vizinhos e ao s\u00edndico do pr\u00e9dio.<\/p>\n<p><img decoding=\"async\" src=\"http:\/\/aconteceunovale.com.br\/portal\/wp-content\/uploads\/2014\/04\/incendio_ap_moc_20_04.jpg\" alt=\"\" \/><em>Foto: Divulga\u00e7\u00e3o\/Assessoria de comunica\u00e7\u00e3o do 7\u00ba BBM<\/em><\/p>\n","protected":false},"excerpt":{"rendered":"<p>Um princ\u00edpio de inc\u00eandio na tarde deste domingo, 20 de abril, em um apartamento no bairro Alto S\u00e3o Jo\u00e3o, regi\u00e3o central de Montes Claros, mobilizou os homens bombeiros do S\u00e9timo Batalh\u00e3o. Segundo a companhia, devido \u00e0 fuma\u00e7a t\u00f3xica no interior do im\u00f3vel, os bombeiros tiveram que utilizar equipamentos apropriados e m\u00e1scaras de respira\u00e7\u00e3o para combater [&hellip;]<\/p>\n","protected":false},"author":1,"featured_media":26877,"comment_status":"open","ping_status":"closed","sticky":false,"template":"","format":"standard","meta":{"amp_status":"","footnotes":""},"categories":[1236],"tags":[6737,210],"class_list":["post-26876","post","type-post","status-publish","format-standard","has-post-thumbnail","hentry","category-norte_de_minas","tag-incendio-em-apartamento-mobiliza-bombeiros-em-montes-claros","tag-montes-claros"],"_links":{"self":[{"href":"https:\/\/aconteceunovale.com.br\/portal\/index.php?rest_route=\/wp\/v2\/posts\/26876","targetHints":{"allow":["GET"]}}],"collection":[{"href":"https:\/\/aconteceunovale.com.br\/portal\/index.php?rest_route=\/wp\/v2\/posts"}],"about":[{"href":"https:\/\/aconteceunovale.com.br\/portal\/index.php?rest_route=\/wp\/v2\/types\/post"}],"author":[{"embeddable":true,"href":"https:\/\/aconteceunovale.com.br\/portal\/index.php?rest_route=\/wp\/v2\/users\/1"}],"replies":[{"embeddable":true,"href":"https:\/\/aconteceunovale.com.br\/portal\/index.php?rest_route=%2Fwp%2Fv2%2Fcomments&post=26876"}],"version-history":[{"count":0,"href":"https:\/\/aconteceunovale.com.br\/portal\/index.php?rest_route=\/wp\/v2\/posts\/26876\/revisions"}],"wp:featuredmedia":[{"embeddable":true,"href":"https:\/\/aconteceunovale.com.br\/portal\/index.php?rest_route=\/wp\/v2\/media\/26877"}],"wp:attachment":[{"href":"https:\/\/aconteceunovale.com.br\/portal\/index.php?rest_route=%2Fwp%2Fv2%2Fmedia&parent=26876"}],"wp:term":[{"taxonomy":"category","embeddable":true,"href":"https:\/\/aconteceunovale.com.br\/portal\/index.php?rest_route=%2Fwp%2Fv2%2Fcategories&post=26876"},{"taxonomy":"post_tag","embeddable":true,"href":"https:\/\/aconteceunovale.com.br\/portal\/index.php?rest_route=%2Fwp%2Fv2%2Ftags&post=26876"}],"curies":[{"name":"wp","href":"https:\/\/api.w.org\/{rel}","templated":true}]}}