{"id":26865,"date":"2014-04-20T21:43:35","date_gmt":"2014-04-21T00:43:35","guid":{"rendered":"http:\/\/aconteceunovale.com.br\/portal\/?p=26865"},"modified":"2014-04-20T21:43:35","modified_gmt":"2014-04-21T00:43:35","slug":"pantera-vence-o-saci-e-volta-a-elite-do-campeonato-mineiro","status":"publish","type":"post","link":"https:\/\/aconteceunovale.com.br\/portal\/?p=26865","title":{"rendered":"Pantera vence o Saci e volta \u00e0 elite do Campeonato Mineiro"},"content":{"rendered":"<h4><strong>Democrata GV vence o Social por 3 a 2 e volta ao M\u00f3dulo I do Campeonato Mineiro. Time foi beneficiado pela derrota do Uberl\u00e2ndia pelo mesmo placar em Montes Claros.<\/strong><\/h4>\n<p><img decoding=\"async\" src=\"http:\/\/aconteceunovale.com.br\/portal\/wp-content\/uploads\/2014\/04\/democrata_gv_20_4.jpg\" alt=\"\" \/><em>O que muitos chamavam de milagre aconteceu: o Democrata GV est\u00e1 de volta a elite. (Foto: Diego Souza\/Globoesporte.com)<\/em><br \/>\n<\/br><\/p>\n<p>Talvez nem um roteiro de cinema fosse t\u00e3o perfeito ou tivesse um final t\u00e3o feliz quanto a hist\u00f3ria que o Democrata proporcionou aos seus torcedores na tarde deste domingo, 20, no Est\u00e1dio Jos\u00e9 Mammoud Abbas, o \u201cMamud\u00e3o\u201d. N\u00e3o teve grito de campe\u00e3o, mas a conquista do vice-campeonato do M\u00f3dulo II do Campeonato Mineiro rendeu \u00e0 Pantera uma vaga na elite do futebol mineiro no ano de 2015.<\/p>\n<p>O cl\u00e1ssico contra o Social foi um daqueles jogos \u00e9picos, dignos de ficarem marcados na hist\u00f3ria de qualquer clube. A hist\u00f3ria do Democrata GV, tem um novo cap\u00edtulo contada em mais de 100 minutos de muita ang\u00fastia, afli\u00e7\u00e3o, nervosismo e alegria.<\/p>\n<p>Depois de muita confus\u00e3o, sete jogadores expulsos \u2013 tr\u00eas da Pantera e quatro do Saci \u2013 reviravoltas no placar, o Democrata est\u00e1 de volta ao M\u00f3dulo I do Campeonato Mineiro. Em uma &#8220;decis\u00e3o&#8221; dram\u00e1tica contra o Social, os valadarenses venceram por 3 a 2, e beneficiados pela derrota do Uberl\u00e2ndia para o Montes Claros, no Norte de Minas, pelo mesmo placar, o time da Rua Osvaldo Cruz volta a figurar entre os melhores times de Minas Gerais em 2015.<\/p>\n<h4><strong>Vit\u00f3ria no 1\u00ba tempo<\/strong><\/h4>\n<p>Enquanto o servi\u00e7o de som do Mamud\u00e3o informava que com 21 minutos de jogo Montes Claros e Uberl\u00e2ndia j\u00e1 empatavam por 2 a 2, em campo o Democrata GV demonstrava nervosismo e o Social tentava explorar a ansiedade da Pantera. <\/p>\n<p>At\u00e9 aos 44 minutos, com a exce\u00e7\u00e3o de uma cobran\u00e7a de falta de J\u00falio C\u00e9sar no travess\u00e3o, as duas melhores chances de gols haviam sido do Social, em duas cabe\u00e7as do atacante Daniel que obrigaram o goleiro F\u00e1bio Noronha a fazer duas defesas milagrosas.<\/p>\n<p>Mas no minuto final da primeira etapa, Marcel fez um lan\u00e7amento caprichado para Rodrig\u00e3o. Com habilidade ele dominou a bola no peito, girou em cima do seu marcador e da intermedi\u00e1ria lan\u00e7ou na medida para Am\u00edlton que ganhou na corrida do zagueiro e tocou na sa\u00edda do goleiro Cleysson. A bola morreu mansa no fundo das redes e decretou a vit\u00f3ria do time valadarense no primeiro tempo.<\/p>\n<h4><strong>2\u00ba tempo de 60 minutos<\/strong><\/h4>\n<p>Logo no in\u00edcio do segundo tempo que teve dura\u00e7\u00e3o de uma hora, o Social surpreendeu o Democrata GV e chegou ao empate. Aos 3 minutos, Madson J\u00fanior cobrou falta da direita, Daniel desviou no primeiro poste e a bola sobrou limpa para Tairone s\u00f3 ter o trabalho de escorar para o gol.<\/p>\n<p>Atordoada pelo gol de empate, a Pantera parecia n\u00e3o ter for\u00e7as para reagir, a entrada do \u201ccuringa\u201d Ramon at\u00e9 deu um novo g\u00e1s ao time, mas em um contra-ataque r\u00e1pido o Social chegou ao segundo gol. Aos 18 minutos, a bola foi lan\u00e7ada para Daniel. A zaga do Democrata bateu cabe\u00e7a e na sa\u00edda do goleiro F\u00e1bio Noronha o juiz marcou p\u00eanalti do arqueiro em cima do atacante camisa 9. <\/p>\n<p>Dois minutos ap\u00f3s a marca\u00e7\u00e3o do p\u00eanalti, o ex-democratense Anderson Toto cobrou no canto esquerdo do goleiro Noronha e virou o placar da partida. Por sua hist\u00f3ria no time valadarense, Toto n\u00e3o comemorou.<\/p>\n<p>Ap\u00f3s a sa\u00edda de bola o Social perdeu o atacante Walan. Ele foi expulso depois de cometer falta dura no zagueiro Rodrigo Lima. Neste momento, o jogo em Montes Claros seguia empatado em 2 a 2 e a situa\u00e7\u00e3o do Democrata GV era quase imposs\u00edvel. Quase!<\/p>\n<h4><strong>Empate<\/strong><\/h4>\n<p>Com o an\u00fancio do terceiro gol do Montes Claros a Pantera passou a acreditar na classifica\u00e7\u00e3o. Os gritos de \u201ceu acredito\u201d vinha de todas as partes do Mamud\u00e3o. Neste instante, faltavam 15 minutos para o t\u00e9rmino do jogo em Valadares, tempo suficiente para muita emo\u00e7\u00e3o.<\/p>\n<p>Teve bola no travess\u00e3o do atacante Jefferson do Democrata GV, gol anulado marcado por Am\u00edlton e mais confus\u00e3o. Desta vez, Madson do Saci e Rodrig\u00e3o da Pantera foram expulsos.<\/p>\n<p>Faltando 6 minutos para o t\u00e9rmino da partida o Democrata GV j\u00e1 sabia que em Montes Claros o placar estava definido. Mas o time valadarense precisava de dois gols. Aos 39 minutos, depois de muita press\u00e3o para cima da defesa socialina, Jeferson cruzou e na tentativa de cortar, o zagueiro Tairone tocou para o fundo das pr\u00f3prias redes.<\/p>\n<h4><strong>Virada e confus\u00e3o<\/strong><\/h4>\n<p>A cinco minutos para o t\u00e9rmino do jogo, mais os acr\u00e9scimos, a virada no placar e o acesso quase imposs\u00edveis outrora, j\u00e1 era poss\u00edvel na cabe\u00e7a dos torcedores. E tudo isso aconteceu. Aos 45 minutos, Den\u00edlson al\u00e7ou a bola na \u00e1rea, Luciano Mour\u00e3o ajeitou de primeira para Am\u00edlton que dominou a bola e com extrema calma e categoria colocou no \u00e2ngulo direito do goleiro Cleysson. O placar de 3 a 2 deixava o Democrata GV a poucos minutos da elite.<\/p>\n<p>Mas na sa\u00edda de bola, logo no primeiro lance, Luciano Mour\u00e3o sofreu falta. Come\u00e7ava uma confus\u00e3o generalizada entre os jogadores de Social e Democrata GV. A Pol\u00edcia Militar teve que entrar em campo e impedir que o \u00e1rbitro fosse agredido pelos jogadores do Social que estavam inconformados com a marca\u00e7\u00e3o e com outros lances da partida.<\/p>\n<p>Ap\u00f3s 13 minutos de bola parada o juiz reiniciou o jogo aos 59 minutos. Antes ele havia expulsado Luciano Mour\u00e3o e Jeferson do Democrata GV e Tairone e Guerreiro do Social. No minuto seguinte, aos 60, o \u00e1rbitro decretou o fim do jogo e a torcida do Democrata GV comemorava o retorno \u00e0 elite, ap\u00f3s dois anos no M\u00f3dulo II.<\/p>\n<p>(Fonte: <a href=\"http:\/\/globoesporte.globo.com\/mg\/grande-minas-vales\/noticia\/2014\/04\/em-jogo-epico-no-mamudao-pantera-vence-o-saci-e-volta-elite-do-mineiro.html\" target=\"_blank\">Globo Esporte<\/a>)<\/p>\n","protected":false},"excerpt":{"rendered":"<p>Democrata GV vence o Social por 3 a 2 e volta ao M\u00f3dulo I do Campeonato Mineiro. Time foi beneficiado pela derrota do Uberl\u00e2ndia pelo mesmo placar em Montes Claros. O que muitos chamavam de milagre aconteceu: o Democrata GV est\u00e1 de volta a elite. (Foto: Diego Souza\/Globoesporte.com) Talvez nem um roteiro de cinema fosse [&hellip;]<\/p>\n","protected":false},"author":1,"featured_media":26867,"comment_status":"open","ping_status":"closed","sticky":false,"template":"","format":"standard","meta":{"amp_status":"","footnotes":""},"categories":[59],"tags":[4376,4369,6733,4375,4373],"class_list":["post-26865","post","type-post","status-publish","format-standard","has-post-thumbnail","hentry","category-sports","tag-democrata","tag-democrata-de-governador-valadares","tag-pantera-vence-o-saci-e-volta-a-elite-do-mineiro","tag-social","tag-social-de-coronel-fabriciano"],"_links":{"self":[{"href":"https:\/\/aconteceunovale.com.br\/portal\/index.php?rest_route=\/wp\/v2\/posts\/26865","targetHints":{"allow":["GET"]}}],"collection":[{"href":"https:\/\/aconteceunovale.com.br\/portal\/index.php?rest_route=\/wp\/v2\/posts"}],"about":[{"href":"https:\/\/aconteceunovale.com.br\/portal\/index.php?rest_route=\/wp\/v2\/types\/post"}],"author":[{"embeddable":true,"href":"https:\/\/aconteceunovale.com.br\/portal\/index.php?rest_route=\/wp\/v2\/users\/1"}],"replies":[{"embeddable":true,"href":"https:\/\/aconteceunovale.com.br\/portal\/index.php?rest_route=%2Fwp%2Fv2%2Fcomments&post=26865"}],"version-history":[{"count":0,"href":"https:\/\/aconteceunovale.com.br\/portal\/index.php?rest_route=\/wp\/v2\/posts\/26865\/revisions"}],"wp:featuredmedia":[{"embeddable":true,"href":"https:\/\/aconteceunovale.com.br\/portal\/index.php?rest_route=\/wp\/v2\/media\/26867"}],"wp:attachment":[{"href":"https:\/\/aconteceunovale.com.br\/portal\/index.php?rest_route=%2Fwp%2Fv2%2Fmedia&parent=26865"}],"wp:term":[{"taxonomy":"category","embeddable":true,"href":"https:\/\/aconteceunovale.com.br\/portal\/index.php?rest_route=%2Fwp%2Fv2%2Fcategories&post=26865"},{"taxonomy":"post_tag","embeddable":true,"href":"https:\/\/aconteceunovale.com.br\/portal\/index.php?rest_route=%2Fwp%2Fv2%2Ftags&post=26865"}],"curies":[{"name":"wp","href":"https:\/\/api.w.org\/{rel}","templated":true}]}}