{"id":26854,"date":"2014-04-20T21:27:34","date_gmt":"2014-04-21T00:27:34","guid":{"rendered":"http:\/\/aconteceunovale.com.br\/portal\/?p=26854"},"modified":"2014-04-20T21:36:15","modified_gmt":"2014-04-21T00:36:15","slug":"duas-pessoas-morrem-e-duas-ficam-gravemente-feridas-em-acidente-proximo-a-caratinga","status":"publish","type":"post","link":"https:\/\/aconteceunovale.com.br\/portal\/?p=26854","title":{"rendered":"Duas pessoas morrem e duas ficam gravemente feridas em acidente pr\u00f3ximo a Caratinga"},"content":{"rendered":"<p>Na tarde de s\u00e1bado (19\/04) a colis\u00e3o entre um ve\u00edculo P\u00e1lio, placas de Caratinga e uma Cegonheira, placas de S\u00e3o Jos\u00e9 dos Campos (S\u00e3o Paulo) tirou a vida de duas pessoas e deixou outras duas gravemente feridas. O acidente foi registrado no km 516, da BR 116, em trecho conhecido como sa\u00edda do \u201cC\u00f3rrego do Barrac\u00e3o\u201d.<\/p>\n<p>Segundo testemunhas, a motorista do ve\u00edculo P\u00e1lio sa\u00eda da estrada do c\u00f3rrego sentido \u00e0 rodovia quando o ve\u00edculo foi atingido pela carreta que seguia destino a Salvador, Bahia. Duas das quatro ocupantes do ve\u00edculo morreram na hora, a condutora L\u00facia, de 57 anos e a passageira, a professora F\u00e1tima do Ros\u00e1rio, de 61. O impacto da colis\u00e3o foi de tamanha viol\u00eancia que a condutora do ve\u00edculo teve parte da cabe\u00e7a dilacerada.<\/p>\n<p>A passageira Priscilla Augusto, de 32 anos, filha de F\u00e1tima, foi socorrida com vida, mas em estado grave, assim como a outra passageira do ve\u00edculo, Elisabeth Cristina, de 42 anos. O socorro foi prestado por uma equipe do Corpo de Bombeiros Volunt\u00e1rios de Caratinga e uma ambul\u00e2ncia que passava pelo local. As v\u00edtimas foram encaminhadas ao Pronto Atendimento Municipal de Caratinga.<\/p>\n<p>O caminhoneiro Alex Rodolfo Celetisno, de 37 anos, informou aos policiais respons\u00e1veis pelo registro da ocorr\u00eancia que n\u00e3o conseguiu evitar a colis\u00e3o, tendo o ve\u00edculo surgido de forma inesperada na rodovia.<\/p>\n<p><img decoding=\"async\" src=\"http:\/\/aconteceunovale.com.br\/portal\/wp-content\/uploads\/2014\/04\/acidente_caratinga_19_04_2.jpg\" alt=\"\" \/><\/p>\n<p><img decoding=\"async\" src=\"http:\/\/aconteceunovale.com.br\/portal\/wp-content\/uploads\/2014\/04\/acidente_caratinga_19_04_1.jpg\" alt=\"\" \/><br \/>\n<\/br><\/p>\n<h4><strong>Diretor da Rede Doctum e Faculdades Integradas de Caratinga lamenta morte da professora F\u00e1tima do Ros\u00e1rio<\/strong><\/h4>\n<p><img decoding=\"async\" src=\"http:\/\/aconteceunovale.com.br\/portal\/wp-content\/uploads\/2014\/04\/acidente_caratinga_19_04_3.jpg\" alt=\"\" \/><br \/>\n<\/br><\/p>\n<p>A not\u00edcia da morte da conhecida professora e funcion\u00e1ria das Faculdades Integradas de Caratinga (FIC), F\u00e1tima do Ros\u00e1rio, foi recebida com como\u00e7\u00e3o pela maioria dos caratinguenses. Muitos estudantes, amigos e colaboradores da institui\u00e7\u00e3o relembraram o carisma e simpatia de F\u00e1tima e deixaram mensagens nas redes sociais de luto e solidariedade aos familiares.<\/p>\n<p>Um dos diretores da Rede Doctum e Faculdades Integradas de Caratinga, Pedro Leit\u00e3o, lamentou a morte da amiga e colaboradora da institui\u00e7\u00e3o, deixando uma mensagem na rede social:<\/p>\n<p><em>\u201cA amizade \u00e9 um amor bonito, daqueles que a gente carrega no peito. Amigo \u00e9 coisa para se guardar. A F\u00e1tima era uma amiga, do tipo irm\u00e3, de todos n\u00f3s da fam\u00edlia Leit\u00e3o.<\/p>\n<p>Dif\u00edcil explicar nesse momento o nosso sentimento devastador de perda e tentar passar aos nossos amigos quem era ela para n\u00f3s. F\u00e1tima esteve conosco, firme como uma rocha, com sua inquestion\u00e1vel lealdade, durante 50 anos.<\/p>\n<p>Chegou menina, cresceu entre n\u00f3s, fez sua vida profissional entre n\u00f3s. Era inspirador v\u00ea-la superando cada barreira para se tornar a excelente funcion\u00e1ria que foi do Col\u00e9gio Caratinga. Entretanto, \u00e9 pouco falar apenas da pessoa dedicada ao trabalho, que executou por tantos anos, e \u00e0s tarefas que lhe foram confiadas.<\/p>\n<p>Na verdade o mais profundo, o mais verdadeiro, o que nos marcou foi seu car\u00e1ter. Seus amigos tinham certeza da sua lealdade. Cada um sabia que podia contar com ela.<\/p>\n<p>Sua vida nunca foi f\u00e1cil, mas seu sorriso, sim. A F\u00e1tima sorria gostoso e carinhoso. Melhor ainda seu abra\u00e7o aconchegante que ela entregava junto com as palavras de incentivo. A cada um de n\u00f3s da fam\u00edlia ela estimulou a ir mais longe, a querer sempre mais, em demonstra\u00e7\u00f5es de um cora\u00e7\u00e3o generoso.<\/p>\n<p>Nas dores da nossa vida, F\u00e1tima esteve conosco e chorou conosco. Nas dores que ela sofreu, choramos com ela. Ficou um vazio enorme e uma sensa\u00e7\u00e3o de que haver\u00e1 sempre um abra\u00e7o que n\u00e3o vai mais nos acolher, um sorriso a menos, uma palavra de est\u00edmulo que n\u00e3o ouviremos.<\/p>\n<p>A f\u00e9 de F\u00e1tima em Deus era inabal\u00e1vel e com esta f\u00e9 ela tamb\u00e9m nos inspirou e confortou em v\u00e1rios momentos. Por isso sabemos que ela est\u00e1 nos bra\u00e7os de Deus.<\/p>\n<p>Aqui ficamos n\u00f3s seus amigos. Aqui fica Zenon, seu filho amado. Ficam nossas ora\u00e7\u00f5es por Priscilla. N\u00f3s, da fam\u00edlia Leit\u00e3o, carregaremos a saudade e a certeza de ter tido uma amiga leal, que pelo amor demonstrado, a cada um, e a todos, atravessou uma fronteira e virou nossa irm\u00e3. Perdemos hoje a irm\u00e3 F\u00e1tima. Agradecemos a Deus pelo privil\u00e9gio da longa conviv\u00eancia de 50 anos e lembramos, com admira\u00e7\u00e3o, da pessoa \u00edntegra que ela foi ao longo de toda a vida.\u201d<\/em><\/p>\n<p><strong><em>(Fotos e informa\u00e7\u00f5es da TV Super Canal)<\/em><\/strong><\/p>\n","protected":false},"excerpt":{"rendered":"<p>Na tarde de s\u00e1bado (19\/04) a colis\u00e3o entre um ve\u00edculo P\u00e1lio, placas de Caratinga e uma Cegonheira, placas de S\u00e3o Jos\u00e9 dos Campos (S\u00e3o Paulo) tirou a vida de duas pessoas e deixou outras duas gravemente feridas. O acidente foi registrado no km 516, da BR 116, em trecho conhecido como sa\u00edda do \u201cC\u00f3rrego do [&hellip;]<\/p>\n","protected":false},"author":1,"featured_media":26859,"comment_status":"open","ping_status":"closed","sticky":false,"template":"","format":"standard","meta":{"amp_status":"","footnotes":""},"categories":[121],"tags":[237,1018,6732],"class_list":["post-26854","post","type-post","status-publish","format-standard","has-post-thumbnail","hentry","category-leste","tag-caratinga","tag-destaque","tag-duas-pessoas-morrem-e-duas-ficam-gravemente-feridas-em-acidente-proximo-a-caratinga"],"_links":{"self":[{"href":"https:\/\/aconteceunovale.com.br\/portal\/index.php?rest_route=\/wp\/v2\/posts\/26854","targetHints":{"allow":["GET"]}}],"collection":[{"href":"https:\/\/aconteceunovale.com.br\/portal\/index.php?rest_route=\/wp\/v2\/posts"}],"about":[{"href":"https:\/\/aconteceunovale.com.br\/portal\/index.php?rest_route=\/wp\/v2\/types\/post"}],"author":[{"embeddable":true,"href":"https:\/\/aconteceunovale.com.br\/portal\/index.php?rest_route=\/wp\/v2\/users\/1"}],"replies":[{"embeddable":true,"href":"https:\/\/aconteceunovale.com.br\/portal\/index.php?rest_route=%2Fwp%2Fv2%2Fcomments&post=26854"}],"version-history":[{"count":0,"href":"https:\/\/aconteceunovale.com.br\/portal\/index.php?rest_route=\/wp\/v2\/posts\/26854\/revisions"}],"wp:featuredmedia":[{"embeddable":true,"href":"https:\/\/aconteceunovale.com.br\/portal\/index.php?rest_route=\/wp\/v2\/media\/26859"}],"wp:attachment":[{"href":"https:\/\/aconteceunovale.com.br\/portal\/index.php?rest_route=%2Fwp%2Fv2%2Fmedia&parent=26854"}],"wp:term":[{"taxonomy":"category","embeddable":true,"href":"https:\/\/aconteceunovale.com.br\/portal\/index.php?rest_route=%2Fwp%2Fv2%2Fcategories&post=26854"},{"taxonomy":"post_tag","embeddable":true,"href":"https:\/\/aconteceunovale.com.br\/portal\/index.php?rest_route=%2Fwp%2Fv2%2Ftags&post=26854"}],"curies":[{"name":"wp","href":"https:\/\/api.w.org\/{rel}","templated":true}]}}