{"id":26845,"date":"2014-04-20T15:53:57","date_gmt":"2014-04-20T18:53:57","guid":{"rendered":"http:\/\/aconteceunovale.com.br\/portal\/?p=26845"},"modified":"2014-04-20T15:53:57","modified_gmt":"2014-04-20T18:53:57","slug":"corpo-e-encontrado-no-rio-doce-em-valadares","status":"publish","type":"post","link":"https:\/\/aconteceunovale.com.br\/portal\/?p=26845","title":{"rendered":"Corpo \u00e9 encontrado no Rio Doce em Valadares"},"content":{"rendered":"<p>Um corpo foi encontrado na tarde deste domingo (20) no Rio Doce, em Governador Valadares, no Leste de Minas Gerais. O corpo foi localizado por um homem que passava pela Avenida Rio Doce, no Bairro S\u00e3o Pedro. Ele avisou a pol\u00edcia e os Bombeiros.<\/p>\n<p>De acordo com a Pol\u00edcia Militar, o corpo \u00e9 de um homem e tinha ind\u00edcios de viol\u00eancia, mas s\u00f3 a per\u00edcia poderia confirmar o que de fato causou a morte. Em uma embarca\u00e7\u00e3o, bombeiros foram at\u00e9 o meio do rio, em meio a algumas pedras e trouxe o corpo para a margem, at\u00e9 a chegada da per\u00edcia.<\/p>\n<p>O caso ser\u00e1 registrado na 5\u00aa Delegacia Regional de Governador Valadares. O policial do plant\u00e3o da delegacia informou que, at\u00e9 as 15 horas, aguardava mais informa\u00e7\u00f5es. Ainda segundo ele, o corpo est\u00e1 sendo averiguado pela per\u00edcia que dever\u00e1 apontar a causa da morte. <strong>(G1)<\/strong><\/p>\n<p><img decoding=\"async\" src=\"http:\/\/aconteceunovale.com.br\/portal\/wp-content\/uploads\/2014\/04\/corpo_encontrado_rio_doce_gv_20_04.jpg\" alt=\"\" \/><em>(Foto: Diego Souza\/G1)<\/em><\/p>\n","protected":false},"excerpt":{"rendered":"<p>Um corpo foi encontrado na tarde deste domingo (20) no Rio Doce, em Governador Valadares, no Leste de Minas Gerais. O corpo foi localizado por um homem que passava pela Avenida Rio Doce, no Bairro S\u00e3o Pedro. Ele avisou a pol\u00edcia e os Bombeiros. De acordo com a Pol\u00edcia Militar, o corpo \u00e9 de um [&hellip;]<\/p>\n","protected":false},"author":1,"featured_media":26846,"comment_status":"open","ping_status":"closed","sticky":false,"template":"","format":"standard","meta":{"amp_status":"","footnotes":""},"categories":[121],"tags":[6727,247],"class_list":["post-26845","post","type-post","status-publish","format-standard","has-post-thumbnail","hentry","category-leste","tag-corpo-e-encontrado-no-rio-doce-em-valadares","tag-governador-valadares"],"_links":{"self":[{"href":"https:\/\/aconteceunovale.com.br\/portal\/index.php?rest_route=\/wp\/v2\/posts\/26845","targetHints":{"allow":["GET"]}}],"collection":[{"href":"https:\/\/aconteceunovale.com.br\/portal\/index.php?rest_route=\/wp\/v2\/posts"}],"about":[{"href":"https:\/\/aconteceunovale.com.br\/portal\/index.php?rest_route=\/wp\/v2\/types\/post"}],"author":[{"embeddable":true,"href":"https:\/\/aconteceunovale.com.br\/portal\/index.php?rest_route=\/wp\/v2\/users\/1"}],"replies":[{"embeddable":true,"href":"https:\/\/aconteceunovale.com.br\/portal\/index.php?rest_route=%2Fwp%2Fv2%2Fcomments&post=26845"}],"version-history":[{"count":0,"href":"https:\/\/aconteceunovale.com.br\/portal\/index.php?rest_route=\/wp\/v2\/posts\/26845\/revisions"}],"wp:featuredmedia":[{"embeddable":true,"href":"https:\/\/aconteceunovale.com.br\/portal\/index.php?rest_route=\/wp\/v2\/media\/26846"}],"wp:attachment":[{"href":"https:\/\/aconteceunovale.com.br\/portal\/index.php?rest_route=%2Fwp%2Fv2%2Fmedia&parent=26845"}],"wp:term":[{"taxonomy":"category","embeddable":true,"href":"https:\/\/aconteceunovale.com.br\/portal\/index.php?rest_route=%2Fwp%2Fv2%2Fcategories&post=26845"},{"taxonomy":"post_tag","embeddable":true,"href":"https:\/\/aconteceunovale.com.br\/portal\/index.php?rest_route=%2Fwp%2Fv2%2Ftags&post=26845"}],"curies":[{"name":"wp","href":"https:\/\/api.w.org\/{rel}","templated":true}]}}