{"id":26785,"date":"2014-04-19T10:25:38","date_gmt":"2014-04-19T13:25:38","guid":{"rendered":"http:\/\/aconteceunovale.com.br\/portal\/?p=26785"},"modified":"2014-04-19T10:26:02","modified_gmt":"2014-04-19T13:26:02","slug":"aecio-divulga-video-sobre-educacao-com-erro-ortografico","status":"publish","type":"post","link":"https:\/\/aconteceunovale.com.br\/portal\/?p=26785","title":{"rendered":"A\u00e9cio divulga v\u00eddeo sobre educa\u00e7\u00e3o com erro ortogr\u00e1fico"},"content":{"rendered":"<p>Uma propaganda do pr\u00e9-candidato \u00e0 presid\u00eancia da Rep\u00fablica de A\u00e9cio Neves (PSDB) sobre educa\u00e7\u00e3o, que est\u00e1 sendo veiculada no Youtube e na TV h\u00e1 uma semana, escorregou no portugu\u00eas.<\/p>\n<p>O v\u00eddeo, intitulado A\u00e9cio Neves ressalta os avan\u00e7os na Educa\u00e7\u00e3o de Minas Gerais, mostra uma fala do Senador e ex-Governador de Minas sobre como teria melhorado as escolas do estado durante o seu mandato.<\/p>\n<p>Na sequ\u00eancia, \u00e9 exibido um texto na tela: &#8220;Os alunos de Minas tem o melhor desempenho do Brasil&#8221;. O erro ortogr\u00e1fico se d\u00e1 pela falta de acento: quando o sujeito \u00e9 plural, a palavra &#8220;tem&#8221; leva o acento circunflexo. A forma correta seria, no caso, &#8220;Os alunos de Minas t\u00eam o melhor desempenho do Brasil&#8221;.<\/p>\n<p><strong>Assista:<\/strong><\/p>\n<p><iframe loading=\"lazy\" width=\"640\" height=\"360\" src=\"\/\/www.youtube.com\/embed\/RBtnzttVMJw\" frameborder=\"0\" allowfullscreen><\/iframe><\/p>\n","protected":false},"excerpt":{"rendered":"<p>Uma propaganda do pr\u00e9-candidato \u00e0 presid\u00eancia da Rep\u00fablica de A\u00e9cio Neves (PSDB) sobre educa\u00e7\u00e3o, que est\u00e1 sendo veiculada no Youtube e na TV h\u00e1 uma semana, escorregou no portugu\u00eas. O v\u00eddeo, intitulado A\u00e9cio Neves ressalta os avan\u00e7os na Educa\u00e7\u00e3o de Minas Gerais, mostra uma fala do Senador e ex-Governador de Minas sobre como teria melhorado [&hellip;]<\/p>\n","protected":false},"author":1,"featured_media":26786,"comment_status":"open","ping_status":"closed","sticky":false,"template":"","format":"standard","meta":{"amp_status":"","footnotes":""},"categories":[123],"tags":[6697,3394],"class_list":["post-26785","post","type-post","status-publish","format-standard","has-post-thumbnail","hentry","category-gerais","tag-aecio-divulga-video-sobre-educacao-com-erro-ortografico","tag-eleicoes-2014"],"_links":{"self":[{"href":"https:\/\/aconteceunovale.com.br\/portal\/index.php?rest_route=\/wp\/v2\/posts\/26785","targetHints":{"allow":["GET"]}}],"collection":[{"href":"https:\/\/aconteceunovale.com.br\/portal\/index.php?rest_route=\/wp\/v2\/posts"}],"about":[{"href":"https:\/\/aconteceunovale.com.br\/portal\/index.php?rest_route=\/wp\/v2\/types\/post"}],"author":[{"embeddable":true,"href":"https:\/\/aconteceunovale.com.br\/portal\/index.php?rest_route=\/wp\/v2\/users\/1"}],"replies":[{"embeddable":true,"href":"https:\/\/aconteceunovale.com.br\/portal\/index.php?rest_route=%2Fwp%2Fv2%2Fcomments&post=26785"}],"version-history":[{"count":0,"href":"https:\/\/aconteceunovale.com.br\/portal\/index.php?rest_route=\/wp\/v2\/posts\/26785\/revisions"}],"wp:featuredmedia":[{"embeddable":true,"href":"https:\/\/aconteceunovale.com.br\/portal\/index.php?rest_route=\/wp\/v2\/media\/26786"}],"wp:attachment":[{"href":"https:\/\/aconteceunovale.com.br\/portal\/index.php?rest_route=%2Fwp%2Fv2%2Fmedia&parent=26785"}],"wp:term":[{"taxonomy":"category","embeddable":true,"href":"https:\/\/aconteceunovale.com.br\/portal\/index.php?rest_route=%2Fwp%2Fv2%2Fcategories&post=26785"},{"taxonomy":"post_tag","embeddable":true,"href":"https:\/\/aconteceunovale.com.br\/portal\/index.php?rest_route=%2Fwp%2Fv2%2Ftags&post=26785"}],"curies":[{"name":"wp","href":"https:\/\/api.w.org\/{rel}","templated":true}]}}