{"id":26722,"date":"2014-04-18T13:29:25","date_gmt":"2014-04-18T16:29:25","guid":{"rendered":"http:\/\/aconteceunovale.com.br\/portal\/?p=26722"},"modified":"2014-04-18T13:30:30","modified_gmt":"2014-04-18T16:30:30","slug":"homem-mata-esposa-a-pauladas-em-aracuai-e-em-seguida-tenta-o-suicidio","status":"publish","type":"post","link":"https:\/\/aconteceunovale.com.br\/portal\/?p=26722","title":{"rendered":"Homem mata esposa a pauladas em Ara\u00e7ua\u00ed"},"content":{"rendered":"<p>Uma mulher identificada como Ana da Gama Ferreira, de 39 anos, foi morta a pauladas na tarde desta quinta-feira, 17 de abril, na comunidade de Gravat\u00e1 de Cima, Zona Rural de Ara\u00e7ua\u00ed, no Vale do Jequitinhonha. De acordo com a Pol\u00edcia Militar, a v\u00edtima foi morta pelo companheiro, o lavrador Cl\u00f3vis Alves Barbosa, tamb\u00e9m de 39 anos. Ap\u00f3s matar a mulher, o homem tentou o suic\u00eddio, provocando cortes no pesco\u00e7o e nos pulsos.<\/p>\n<p>De acordo com relatos da fam\u00edlia, ap\u00f3s a agress\u00e3o, a mulher ainda conseguiu fugir para a casa dos pais, mas n\u00e3o resistiu aos ferimentos e morreu no banheiro da resid\u00eancia.<\/p>\n<p>A Pol\u00edcia Militar foi acionada. Ap\u00f3s buscas, o homem foi encontrado ca\u00eddo, com uma faca na m\u00e3o, em um matagal pr\u00f3ximo, a resid\u00eancia onde morava com a esposa. Ele foi preso e encaminhado ao Hospital S\u00e3o Vicente de Paula, em Ara\u00e7ua\u00ed, onde est\u00e1 sob escolta de agentes penitenci\u00e1rios.<\/p>\n<p>Em depoimento aos policiais militares que atenderam a ocorr\u00eancia, o homem confessou que matou a esposa por ci\u00fames, alegando uma poss\u00edvel trai\u00e7\u00e3o.<\/p>\n<p>O corpo da mulher foi encaminhado para o Instituto M\u00e9dico Legal de Almenara e ap\u00f3s procedimentos de praxe foi liberado para o sepultamento. <em>(Gazeta de Ara\u00e7ua\u00ed)<\/em><\/p>\n","protected":false},"excerpt":{"rendered":"<p>Uma mulher identificada como Ana da Gama Ferreira, de 39 anos, foi morta a pauladas na tarde desta quinta-feira, 17 de abril, na comunidade de Gravat\u00e1 de Cima, Zona Rural de Ara\u00e7ua\u00ed, no Vale do Jequitinhonha. De acordo com a Pol\u00edcia Militar, a v\u00edtima foi morta pelo companheiro, o lavrador Cl\u00f3vis Alves Barbosa, tamb\u00e9m de [&hellip;]<\/p>\n","protected":false},"author":1,"featured_media":26723,"comment_status":"open","ping_status":"closed","sticky":false,"template":"","format":"standard","meta":{"amp_status":"","footnotes":""},"categories":[120],"tags":[186,6677,6676],"class_list":["post-26722","post","type-post","status-publish","format-standard","has-post-thumbnail","hentry","category-jequi","tag-aracuai","tag-homem-mata-esposa-a-pauladas-em-aracuai","tag-homem-mata-esposa-a-pauladas-em-aracuai-e-em-seguida-tenta-o-suicidio"],"_links":{"self":[{"href":"https:\/\/aconteceunovale.com.br\/portal\/index.php?rest_route=\/wp\/v2\/posts\/26722","targetHints":{"allow":["GET"]}}],"collection":[{"href":"https:\/\/aconteceunovale.com.br\/portal\/index.php?rest_route=\/wp\/v2\/posts"}],"about":[{"href":"https:\/\/aconteceunovale.com.br\/portal\/index.php?rest_route=\/wp\/v2\/types\/post"}],"author":[{"embeddable":true,"href":"https:\/\/aconteceunovale.com.br\/portal\/index.php?rest_route=\/wp\/v2\/users\/1"}],"replies":[{"embeddable":true,"href":"https:\/\/aconteceunovale.com.br\/portal\/index.php?rest_route=%2Fwp%2Fv2%2Fcomments&post=26722"}],"version-history":[{"count":0,"href":"https:\/\/aconteceunovale.com.br\/portal\/index.php?rest_route=\/wp\/v2\/posts\/26722\/revisions"}],"wp:featuredmedia":[{"embeddable":true,"href":"https:\/\/aconteceunovale.com.br\/portal\/index.php?rest_route=\/wp\/v2\/media\/26723"}],"wp:attachment":[{"href":"https:\/\/aconteceunovale.com.br\/portal\/index.php?rest_route=%2Fwp%2Fv2%2Fmedia&parent=26722"}],"wp:term":[{"taxonomy":"category","embeddable":true,"href":"https:\/\/aconteceunovale.com.br\/portal\/index.php?rest_route=%2Fwp%2Fv2%2Fcategories&post=26722"},{"taxonomy":"post_tag","embeddable":true,"href":"https:\/\/aconteceunovale.com.br\/portal\/index.php?rest_route=%2Fwp%2Fv2%2Ftags&post=26722"}],"curies":[{"name":"wp","href":"https:\/\/api.w.org\/{rel}","templated":true}]}}