{"id":26693,"date":"2014-04-17T22:01:36","date_gmt":"2014-04-18T01:01:36","guid":{"rendered":"http:\/\/aconteceunovale.com.br\/portal\/?p=26693"},"modified":"2014-04-17T22:01:36","modified_gmt":"2014-04-18T01:01:36","slug":"preso-por-trafico-enterrava-droga-no-quintal-de-casa-em-valadares","status":"publish","type":"post","link":"https:\/\/aconteceunovale.com.br\/portal\/?p=26693","title":{"rendered":"Preso por tr\u00e1fico enterrava droga no quintal de casa em Valadares"},"content":{"rendered":"<p>Um homem de 26 anos foi preso em flagrante por tr\u00e1fico de drogas em Governador Valadares, no Leste de Minas Gerais, na noite desta quinta-feira (17).  Parte das 148 buchas de maconha estavam enterradas no quintal da casa onde ele vivia, na principal avenida do Distrito Industrial. A pol\u00edcia chegou at\u00e9 o suspeito ap\u00f3s receber uma den\u00fancia an\u00f4nima.<\/p>\n<p>De acordo com a Pol\u00edcia Militar, ele foi abordado e ainda tentou fugir para os fundos de uma casa com uma sacola, mas acabou capturado. Dentro da sacola havia 120 buchas de maconha prontas para o com\u00e9rcio. Ainda no quintal da resid\u00eancia, a PM encontrou outras 28 buchas de maconha dentro de um pote de suplemento e enterradas no interior de um galinheiro.<\/p>\n<p>Tamb\u00e9m dentro do galinheiro havia um rev\u00f3lver calibre 32, seis muni\u00e7\u00f5es intactas e uma cartucheira. No local, o suspeito teria confessado aos militares ser o dono do material. Ele ainda teria dito que utilizava as armas para atuar na \u201cguerra\u201d pelo tr\u00e1fico que acontece na regi\u00e3o que fica a alguns metros da sede da Pol\u00edcia Federal.<\/p>\n<p>O suspeito, que j\u00e1 tem passagens pela pol\u00edcia por roubo, inclusive na cidade Ipatinga, foi preso em flagrante e encaminhado \u00e0 delegacia de Governador Valadares. (G1)<\/p>\n<p><img decoding=\"async\" src=\"http:\/\/aconteceunovale.com.br\/portal\/wp-content\/uploads\/2014\/04\/preso_trafico_gv_17_4.jpg\" alt=\"\" \/><em>(Foto: Diego Souza\/G1)<\/em><\/p>\n","protected":false},"excerpt":{"rendered":"<p>Um homem de 26 anos foi preso em flagrante por tr\u00e1fico de drogas em Governador Valadares, no Leste de Minas Gerais, na noite desta quinta-feira (17). Parte das 148 buchas de maconha estavam enterradas no quintal da casa onde ele vivia, na principal avenida do Distrito Industrial. A pol\u00edcia chegou at\u00e9 o suspeito ap\u00f3s receber [&hellip;]<\/p>\n","protected":false},"author":1,"featured_media":26694,"comment_status":"open","ping_status":"closed","sticky":false,"template":"","format":"standard","meta":{"amp_status":"","footnotes":""},"categories":[121],"tags":[247,6668],"class_list":["post-26693","post","type-post","status-publish","format-standard","has-post-thumbnail","hentry","category-leste","tag-governador-valadares","tag-preso-por-trafico-enterrava-droga-no-quintal-de-casa-em-valadares"],"_links":{"self":[{"href":"https:\/\/aconteceunovale.com.br\/portal\/index.php?rest_route=\/wp\/v2\/posts\/26693","targetHints":{"allow":["GET"]}}],"collection":[{"href":"https:\/\/aconteceunovale.com.br\/portal\/index.php?rest_route=\/wp\/v2\/posts"}],"about":[{"href":"https:\/\/aconteceunovale.com.br\/portal\/index.php?rest_route=\/wp\/v2\/types\/post"}],"author":[{"embeddable":true,"href":"https:\/\/aconteceunovale.com.br\/portal\/index.php?rest_route=\/wp\/v2\/users\/1"}],"replies":[{"embeddable":true,"href":"https:\/\/aconteceunovale.com.br\/portal\/index.php?rest_route=%2Fwp%2Fv2%2Fcomments&post=26693"}],"version-history":[{"count":0,"href":"https:\/\/aconteceunovale.com.br\/portal\/index.php?rest_route=\/wp\/v2\/posts\/26693\/revisions"}],"wp:featuredmedia":[{"embeddable":true,"href":"https:\/\/aconteceunovale.com.br\/portal\/index.php?rest_route=\/wp\/v2\/media\/26694"}],"wp:attachment":[{"href":"https:\/\/aconteceunovale.com.br\/portal\/index.php?rest_route=%2Fwp%2Fv2%2Fmedia&parent=26693"}],"wp:term":[{"taxonomy":"category","embeddable":true,"href":"https:\/\/aconteceunovale.com.br\/portal\/index.php?rest_route=%2Fwp%2Fv2%2Fcategories&post=26693"},{"taxonomy":"post_tag","embeddable":true,"href":"https:\/\/aconteceunovale.com.br\/portal\/index.php?rest_route=%2Fwp%2Fv2%2Ftags&post=26693"}],"curies":[{"name":"wp","href":"https:\/\/api.w.org\/{rel}","templated":true}]}}