{"id":26634,"date":"2014-04-17T11:54:37","date_gmt":"2014-04-17T14:54:37","guid":{"rendered":"http:\/\/aconteceunovale.com.br\/portal\/?p=26634"},"modified":"2014-04-17T11:54:37","modified_gmt":"2014-04-17T14:54:37","slug":"decisoes-sobre-festa-do-capelinhense-2014-foram-adiadas-para-a-proxima-quarta-feira","status":"publish","type":"post","link":"https:\/\/aconteceunovale.com.br\/portal\/?p=26634","title":{"rendered":"Decis\u00f5es sobre Festa do Capelinhense 2014 foram adiadas para a pr\u00f3xima quarta-feira"},"content":{"rendered":"<p>A defini\u00e7\u00e3o sobre a empresa respons\u00e1vel pela realiza\u00e7\u00e3o da Festa do Capelinhense Ausente 2014 e a divulga\u00e7\u00e3o dos principais shows do evento foram transferidas para a pr\u00f3xima quarta-feira, dia 23 de abril, \u00e0s 9 da manh\u00e3, no pr\u00e9dio da Prefeitura de Capelinha. A licita\u00e7\u00e3o por meio de preg\u00e3o presencial que aconteceu nesta quarta-feira, dia 16 de abril, foi suspensa pela Comiss\u00e3o de Licita\u00e7\u00e3o por falta de atendimento a uma das cl\u00e1usulas do edital pelas tr\u00eas empresas presentes ao certame. Nenhuma delas apresentou um segundo show exigido para o s\u00e1bado da festa, dia 21 de junho. Por essa raz\u00e3o, a licita\u00e7\u00e3o foi suspensa e as empresas ter\u00e3o at\u00e9 a pr\u00f3xima quarta-feira, dia 23, para complementa\u00e7\u00e3o da programa\u00e7\u00e3o. <\/p>\n<p>De acordo com informa\u00e7\u00f5es dos integrantes da Comiss\u00e3o de Licita\u00e7\u00e3o da Prefeitura de Capelinha, caso nenhuma empresa apresente o nome da segunda atra\u00e7\u00e3o para o dia 21 de junho, o processo ser\u00e1 encerrado e um novo preg\u00e3o presencial ter\u00e1 que ser aberto. Durante a licita\u00e7\u00e3o surgiu at\u00e9 uma proposta de mudan\u00e7a da data do evento, passando de 18 a 22 de junho para o per\u00edodo de 10 a 13 de julho, ou seja, no \u00faltimo fim de semana de f\u00e9rias e pr\u00f3ximo ao final da Copa do Mundo. <\/p>\n<p>Das 12 empresas que solicitaram c\u00f3pia do edital, apenas tr\u00eas estiveram presentes no preg\u00e3o presencial, sendo Margem Produ\u00e7\u00f5es e Estruturas, Pr\u00edncipe da Paz Produ\u00e7\u00f5es e Eventos e Flor de Lis Produ\u00e7\u00f5es e Eventos. No conjunto, as empresas apresentaram propostas de shows com Vitor e L\u00e9o, Cristiano Ara\u00fajo, Roupa Nova, Tomate, Gino e Geno, Bel Marques, Guilherme e Santiago, Munhoz e Mariano, Milion\u00e1rio e Z\u00e9 Rico, entre outros artistas de renome nacional. <\/p>\n<p><img decoding=\"async\" src=\"http:\/\/aconteceunovale.com.br\/portal\/wp-content\/uploads\/2014\/04\/licitacao_capelinhense_adiada_16_04.jpg\" alt=\"\" \/><em>Foto: Licita\u00e7\u00e3o da Festa do Capelinhense Ausente realizada no dia 16 de abril na Prefeitura de Capelinha.<\/em><br \/>\n<\/br><\/p>\n<p>Fonte: Assessoria de Comunica\u00e7\u00e3o da Prefeitura Municipal de Capelinha<\/p>\n","protected":false},"excerpt":{"rendered":"<p>A defini\u00e7\u00e3o sobre a empresa respons\u00e1vel pela realiza\u00e7\u00e3o da Festa do Capelinhense Ausente 2014 e a divulga\u00e7\u00e3o dos principais shows do evento foram transferidas para a pr\u00f3xima quarta-feira, dia 23 de abril, \u00e0s 9 da manh\u00e3, no pr\u00e9dio da Prefeitura de Capelinha. A licita\u00e7\u00e3o por meio de preg\u00e3o presencial que aconteceu nesta quarta-feira, dia 16 [&hellip;]<\/p>\n","protected":false},"author":1,"featured_media":26635,"comment_status":"open","ping_status":"closed","sticky":false,"template":"","format":"standard","meta":{"amp_status":"","footnotes":""},"categories":[125],"tags":[132,2482,6652,1018,2481],"class_list":["post-26634","post","type-post","status-publish","format-standard","has-post-thumbnail","hentry","category-noticias","tag-capelinha","tag-capelinhense-ausente","tag-decisoes-sobre-festa-do-capelinhense-2014-foram-adiadas-para-a-proxima-quarta-feira","tag-destaque","tag-festa-do-capelinhense-ausente"],"_links":{"self":[{"href":"https:\/\/aconteceunovale.com.br\/portal\/index.php?rest_route=\/wp\/v2\/posts\/26634","targetHints":{"allow":["GET"]}}],"collection":[{"href":"https:\/\/aconteceunovale.com.br\/portal\/index.php?rest_route=\/wp\/v2\/posts"}],"about":[{"href":"https:\/\/aconteceunovale.com.br\/portal\/index.php?rest_route=\/wp\/v2\/types\/post"}],"author":[{"embeddable":true,"href":"https:\/\/aconteceunovale.com.br\/portal\/index.php?rest_route=\/wp\/v2\/users\/1"}],"replies":[{"embeddable":true,"href":"https:\/\/aconteceunovale.com.br\/portal\/index.php?rest_route=%2Fwp%2Fv2%2Fcomments&post=26634"}],"version-history":[{"count":0,"href":"https:\/\/aconteceunovale.com.br\/portal\/index.php?rest_route=\/wp\/v2\/posts\/26634\/revisions"}],"wp:featuredmedia":[{"embeddable":true,"href":"https:\/\/aconteceunovale.com.br\/portal\/index.php?rest_route=\/wp\/v2\/media\/26635"}],"wp:attachment":[{"href":"https:\/\/aconteceunovale.com.br\/portal\/index.php?rest_route=%2Fwp%2Fv2%2Fmedia&parent=26634"}],"wp:term":[{"taxonomy":"category","embeddable":true,"href":"https:\/\/aconteceunovale.com.br\/portal\/index.php?rest_route=%2Fwp%2Fv2%2Fcategories&post=26634"},{"taxonomy":"post_tag","embeddable":true,"href":"https:\/\/aconteceunovale.com.br\/portal\/index.php?rest_route=%2Fwp%2Fv2%2Ftags&post=26634"}],"curies":[{"name":"wp","href":"https:\/\/api.w.org\/{rel}","templated":true}]}}