{"id":26368,"date":"2014-04-11T23:11:04","date_gmt":"2014-04-12T02:11:04","guid":{"rendered":"http:\/\/aconteceunovale.com.br\/portal\/?p=26368"},"modified":"2014-04-11T23:11:04","modified_gmt":"2014-04-12T02:11:04","slug":"acidente-entre-caminhoes-interrompe-o-trafego-na-br-135-por-uma-hora","status":"publish","type":"post","link":"https:\/\/aconteceunovale.com.br\/portal\/?p=26368","title":{"rendered":"Acidente entre caminh\u00f5es interrompe o tr\u00e1fego na BR-135 por uma hora"},"content":{"rendered":"<p>Motoristas precisaram ter bastante paci\u00eancia no in\u00edcio da tarde desta sexta-feira (11) ao tentarem trafegar pela BR-135. Um acidente envolvendo dois caminh\u00f5es chegou a interditar a pista por mais de uma hora na altura do munic\u00edpio de Corinto, na regi\u00e3o Central de Minas.<\/p>\n<p>De acordo com a Pol\u00edcia Rodovi\u00e1ria Federal (PRF), os dois ve\u00edculos colidiram em uma curva pr\u00f3xima a entrada da cidade. Um dos ve\u00edculos chegou a ter a placa da frente arrancada e saiu da pista. O outro ve\u00edculo teve a lateral esquerda completamente destru\u00edda. O motorista chegou a ter ferimentos leves e recebeu atendimento na rodovia.<\/p>\n<p>Ainda n\u00e3o se sabe h\u00e1 alguma irregularidade em rela\u00e7\u00e3o aos a documenta\u00e7\u00e3o dos motoristas ou dos ve\u00edculos. O tr\u00e2nsito ficou bastante congestionado e precisou seguir em esquema Siga\/Pare. Ap\u00f3s uma hora de interdi\u00e7\u00e3o, para retirada dos caminh\u00f5es envolvidos na colis\u00e3o, a rodovia foi liberada.<\/p>\n<p><img decoding=\"async\" src=\"http:\/\/aconteceunovale.com.br\/portal\/wp-content\/uploads\/2014\/04\/acidente_corinto_11_04_1.jpeg\" alt=\"\" \/><em>(Foto: Daniel de Cerqueira \/ O Tempo)<\/em><br \/>\n<\/br><\/p>\n<p><img decoding=\"async\" src=\"http:\/\/aconteceunovale.com.br\/portal\/wp-content\/uploads\/2014\/04\/acidente_corinto_11_04_2.jpeg\" alt=\"\" \/><em>(Foto: Daniel de Cerqueira \/ O Tempo)<\/em><br \/>\n<\/br><\/p>\n","protected":false},"excerpt":{"rendered":"<p>Motoristas precisaram ter bastante paci\u00eancia no in\u00edcio da tarde desta sexta-feira (11) ao tentarem trafegar pela BR-135. Um acidente envolvendo dois caminh\u00f5es chegou a interditar a pista por mais de uma hora na altura do munic\u00edpio de Corinto, na regi\u00e3o Central de Minas. De acordo com a Pol\u00edcia Rodovi\u00e1ria Federal (PRF), os dois ve\u00edculos colidiram [&hellip;]<\/p>\n","protected":false},"author":1,"featured_media":26370,"comment_status":"open","ping_status":"closed","sticky":false,"template":"","format":"standard","meta":{"amp_status":"","footnotes":""},"categories":[123],"tags":[6522,6523,1018],"class_list":["post-26368","post","type-post","status-publish","format-standard","has-post-thumbnail","hentry","category-gerais","tag-acidente-entre-caminhoes-interrompe-o-trafego-na-br-135-por-uma-hora","tag-cortinto","tag-destaque"],"_links":{"self":[{"href":"https:\/\/aconteceunovale.com.br\/portal\/index.php?rest_route=\/wp\/v2\/posts\/26368","targetHints":{"allow":["GET"]}}],"collection":[{"href":"https:\/\/aconteceunovale.com.br\/portal\/index.php?rest_route=\/wp\/v2\/posts"}],"about":[{"href":"https:\/\/aconteceunovale.com.br\/portal\/index.php?rest_route=\/wp\/v2\/types\/post"}],"author":[{"embeddable":true,"href":"https:\/\/aconteceunovale.com.br\/portal\/index.php?rest_route=\/wp\/v2\/users\/1"}],"replies":[{"embeddable":true,"href":"https:\/\/aconteceunovale.com.br\/portal\/index.php?rest_route=%2Fwp%2Fv2%2Fcomments&post=26368"}],"version-history":[{"count":0,"href":"https:\/\/aconteceunovale.com.br\/portal\/index.php?rest_route=\/wp\/v2\/posts\/26368\/revisions"}],"wp:featuredmedia":[{"embeddable":true,"href":"https:\/\/aconteceunovale.com.br\/portal\/index.php?rest_route=\/wp\/v2\/media\/26370"}],"wp:attachment":[{"href":"https:\/\/aconteceunovale.com.br\/portal\/index.php?rest_route=%2Fwp%2Fv2%2Fmedia&parent=26368"}],"wp:term":[{"taxonomy":"category","embeddable":true,"href":"https:\/\/aconteceunovale.com.br\/portal\/index.php?rest_route=%2Fwp%2Fv2%2Fcategories&post=26368"},{"taxonomy":"post_tag","embeddable":true,"href":"https:\/\/aconteceunovale.com.br\/portal\/index.php?rest_route=%2Fwp%2Fv2%2Ftags&post=26368"}],"curies":[{"name":"wp","href":"https:\/\/api.w.org\/{rel}","templated":true}]}}