{"id":26360,"date":"2014-04-11T22:48:43","date_gmt":"2014-04-12T01:48:43","guid":{"rendered":"http:\/\/aconteceunovale.com.br\/portal\/?p=26360"},"modified":"2014-04-11T22:55:33","modified_gmt":"2014-04-12T01:55:33","slug":"terremoto-catastrofico-em-montes-claros-e-descartado-por-estudiosos","status":"publish","type":"post","link":"https:\/\/aconteceunovale.com.br\/portal\/?p=26360","title":{"rendered":"Terremoto &#8220;catastr\u00f3fico&#8221; em Montes Claros \u00e9 descartado por estudiosos"},"content":{"rendered":"<p>A possibilidade de haver um terremoto, que chegue a 7 graus de magnitude na escala Richter, em Montes Claros, no Norte de Minas, \u00e9 descartada por estudiosos. Por\u00e9m, h\u00e1 possibilidade de abalos s\u00edsmicos de maiores intensidades na regi\u00e3o. Para tentar estudar o fen\u00f4meno, mais cinco sism\u00f3grafos ser\u00e3o instalados no munic\u00edpio, que se juntar\u00e3o aos tr\u00eas existentes.<\/p>\n<p><img decoding=\"async\" src=\"http:\/\/aconteceunovale.com.br\/portal\/wp-content\/uploads\/2014\/04\/terremoto_catastrofico_moc_descartado.jpg\" alt=\"\" \/><strong>Mapa do tremor &#8211; Foto: F\u00e1bio Mar\u00e7al\/Divulga\u00e7\u00e3o<\/strong><br \/>\n<\/br><\/p>\n<p>Nessa quinta-feira (10), especialistas da Universidade Estadual de Montes Claros (Unimontes) realizaram uma coletiva de imprensa para acalmar a popula\u00e7\u00e3o em rela\u00e7\u00e3o aos constantes abalos s\u00edsmicos que acontecem na cidade. O pronunciamento aconteceu quatro dias ap\u00f3s o registro de quatro tremores em menos de 24 horas.<\/p>\n<p>Deivison Ferreira, de 25 anos, operador de caixa em farm\u00e1cia, recebeu o an\u00fancio da instala\u00e7\u00e3o dos sism\u00f3grafos com desconfian\u00e7a.\u201cContinuamos preocupados mesmo com essa informa\u00e7\u00e3o. Porque esse aparelho que anunciaram j\u00e1 existe na cidade a at\u00e9 hoje n\u00e3o fomos avisados antes do tremor de terra\u201d, declara.<\/p>\n<p>O professor Lucas Vieira Barros, chefe do Observat\u00f3rio Sismol\u00f3gico da Universidade de Bras\u00edlia (Unb) explicou que os estudos em rela\u00e7\u00e3o ao fen\u00f4meno est\u00e3o sendo atrav\u00e9s da a\u00e7\u00e3o conjunta da UnB, Universidade de S\u00e3o Paulo (USP) e Unimontes, sendo que nesta \u00faltima ser\u00e1 implantado um n\u00facleo de estudos sobre sismologia.<\/p>\n<p>Barros esclareceu tamb\u00e9m que a falha ativa respons\u00e1vel por causar os tremores j\u00e1 foi identificada. Com dois quil\u00f4metros de extens\u00e3o, a falha est\u00e1 em uma profundidade que varia entre 500 metros e dois quil\u00f4metros, e est\u00e1 na regi\u00e3o da Vila Atl\u00e2ntida, Noroeste da cidade.<\/p>\n<p>Ele reafirmou que os tremores n\u00e3o podem ser previstos nem evitados, mas destacou a import\u00e2ncia de que a popula\u00e7\u00e3o se prepare para eles. \u201c\u00c9 necess\u00e1rio ficar em alerta j\u00e1 que esse fen\u00f4meno acontece constantemente em Montes Claros. Esta \u00e9 uma das regi\u00f5es s\u00edsmicas mais bem estudadas e estamos monitorando\u201d, afirmou<\/p>\n<p>Participaram da coletiva tamb\u00e9m o professor Expedito Jos\u00e9 Ferreira, coordenador do CECS (Centro de Estudos de Conviv\u00eancia com o Semi\u00e1rido Mineiro) da Unimontes, o major Gouveia, comandante do Corpo de Bombeiros de Montes Claros, o secret\u00e1rio municipal de Defesa Social, Franklin de Paula Silveira, e o coordenador da Defesa Civil Municipal, Mattson Malveira.<\/p>\n<h4><strong>\u00daltimos abalos<\/strong><\/h4>\n<p>No domingo, os tremores chegaram a 4.2. Houve queda de luz, rachaduras em im\u00f3veis e uma adolescente ficou levemente ferida ap\u00f3s ser atingida pelo reboco que caiu do teto de sua casa, que teve que ser interditada. (O Tempo)<\/p>\n","protected":false},"excerpt":{"rendered":"<p>A possibilidade de haver um terremoto, que chegue a 7 graus de magnitude na escala Richter, em Montes Claros, no Norte de Minas, \u00e9 descartada por estudiosos. Por\u00e9m, h\u00e1 possibilidade de abalos s\u00edsmicos de maiores intensidades na regi\u00e3o. Para tentar estudar o fen\u00f4meno, mais cinco sism\u00f3grafos ser\u00e3o instalados no munic\u00edpio, que se juntar\u00e3o aos tr\u00eas [&hellip;]<\/p>\n","protected":false},"author":1,"featured_media":26361,"comment_status":"open","ping_status":"closed","sticky":false,"template":"","format":"standard","meta":{"amp_status":"","footnotes":""},"categories":[1236],"tags":[1018,210,6519],"class_list":["post-26360","post","type-post","status-publish","format-standard","has-post-thumbnail","hentry","category-norte_de_minas","tag-destaque","tag-montes-claros","tag-terremoto-catastrofico-em-montes-claros-e-descartado-por-estudiosos"],"_links":{"self":[{"href":"https:\/\/aconteceunovale.com.br\/portal\/index.php?rest_route=\/wp\/v2\/posts\/26360","targetHints":{"allow":["GET"]}}],"collection":[{"href":"https:\/\/aconteceunovale.com.br\/portal\/index.php?rest_route=\/wp\/v2\/posts"}],"about":[{"href":"https:\/\/aconteceunovale.com.br\/portal\/index.php?rest_route=\/wp\/v2\/types\/post"}],"author":[{"embeddable":true,"href":"https:\/\/aconteceunovale.com.br\/portal\/index.php?rest_route=\/wp\/v2\/users\/1"}],"replies":[{"embeddable":true,"href":"https:\/\/aconteceunovale.com.br\/portal\/index.php?rest_route=%2Fwp%2Fv2%2Fcomments&post=26360"}],"version-history":[{"count":0,"href":"https:\/\/aconteceunovale.com.br\/portal\/index.php?rest_route=\/wp\/v2\/posts\/26360\/revisions"}],"wp:featuredmedia":[{"embeddable":true,"href":"https:\/\/aconteceunovale.com.br\/portal\/index.php?rest_route=\/wp\/v2\/media\/26361"}],"wp:attachment":[{"href":"https:\/\/aconteceunovale.com.br\/portal\/index.php?rest_route=%2Fwp%2Fv2%2Fmedia&parent=26360"}],"wp:term":[{"taxonomy":"category","embeddable":true,"href":"https:\/\/aconteceunovale.com.br\/portal\/index.php?rest_route=%2Fwp%2Fv2%2Fcategories&post=26360"},{"taxonomy":"post_tag","embeddable":true,"href":"https:\/\/aconteceunovale.com.br\/portal\/index.php?rest_route=%2Fwp%2Fv2%2Ftags&post=26360"}],"curies":[{"name":"wp","href":"https:\/\/api.w.org\/{rel}","templated":true}]}}