{"id":26354,"date":"2014-04-11T22:03:42","date_gmt":"2014-04-12T01:03:42","guid":{"rendered":"http:\/\/aconteceunovale.com.br\/portal\/?p=26354"},"modified":"2014-04-11T22:03:42","modified_gmt":"2014-04-12T01:03:42","slug":"homem-fica-ferido-com-tiro-disparado-por-policial-em-montes-claros","status":"publish","type":"post","link":"https:\/\/aconteceunovale.com.br\/portal\/?p=26354","title":{"rendered":"Homem fica ferido com tiro disparado por policial em Montes Claros"},"content":{"rendered":"<p>Um homem ficou ferido ao ser baleado por um policial a paisana na tarde desta sexta-feira (11) em Montes Claros, Norte de Minas Gerais. Segundo a Pol\u00edcia Militar, o homem estava armado e amea\u00e7a um jovem, que tem problemas mentais. O fato ocorreu no bairro Doutor Jo\u00e3o Alves.<\/p>\n<p>Ainda segundo a PM, o policial deu ordem para que o homem baixasse a arma, mas ele n\u00e3o atendeu. \u201cDepois da recusa do suspeito, o policial n\u00e3o teve outra alternativa e atirou para evitar que ele tentasse contra a vida do jovem\u201d, afirma o tenente A\u00edlton D&#8217;Souza.<\/p>\n<p>O homem foi socorrido pelo Servi\u00e7o de Atendimento M\u00f3vel de Urg\u00eancia (Samu) e encaminhado para o hospital em escolta policial.<\/p>\n","protected":false},"excerpt":{"rendered":"<p>Um homem ficou ferido ao ser baleado por um policial a paisana na tarde desta sexta-feira (11) em Montes Claros, Norte de Minas Gerais. Segundo a Pol\u00edcia Militar, o homem estava armado e amea\u00e7a um jovem, que tem problemas mentais. O fato ocorreu no bairro Doutor Jo\u00e3o Alves. Ainda segundo a PM, o policial deu [&hellip;]<\/p>\n","protected":false},"author":1,"featured_media":26355,"comment_status":"open","ping_status":"closed","sticky":false,"template":"","format":"standard","meta":{"amp_status":"","footnotes":""},"categories":[1236],"tags":[6517,210],"class_list":["post-26354","post","type-post","status-publish","format-standard","has-post-thumbnail","hentry","category-norte_de_minas","tag-homem-fica-ferido-com-tiro-disparado-por-policial-em-montes-claros","tag-montes-claros"],"_links":{"self":[{"href":"https:\/\/aconteceunovale.com.br\/portal\/index.php?rest_route=\/wp\/v2\/posts\/26354","targetHints":{"allow":["GET"]}}],"collection":[{"href":"https:\/\/aconteceunovale.com.br\/portal\/index.php?rest_route=\/wp\/v2\/posts"}],"about":[{"href":"https:\/\/aconteceunovale.com.br\/portal\/index.php?rest_route=\/wp\/v2\/types\/post"}],"author":[{"embeddable":true,"href":"https:\/\/aconteceunovale.com.br\/portal\/index.php?rest_route=\/wp\/v2\/users\/1"}],"replies":[{"embeddable":true,"href":"https:\/\/aconteceunovale.com.br\/portal\/index.php?rest_route=%2Fwp%2Fv2%2Fcomments&post=26354"}],"version-history":[{"count":0,"href":"https:\/\/aconteceunovale.com.br\/portal\/index.php?rest_route=\/wp\/v2\/posts\/26354\/revisions"}],"wp:featuredmedia":[{"embeddable":true,"href":"https:\/\/aconteceunovale.com.br\/portal\/index.php?rest_route=\/wp\/v2\/media\/26355"}],"wp:attachment":[{"href":"https:\/\/aconteceunovale.com.br\/portal\/index.php?rest_route=%2Fwp%2Fv2%2Fmedia&parent=26354"}],"wp:term":[{"taxonomy":"category","embeddable":true,"href":"https:\/\/aconteceunovale.com.br\/portal\/index.php?rest_route=%2Fwp%2Fv2%2Fcategories&post=26354"},{"taxonomy":"post_tag","embeddable":true,"href":"https:\/\/aconteceunovale.com.br\/portal\/index.php?rest_route=%2Fwp%2Fv2%2Ftags&post=26354"}],"curies":[{"name":"wp","href":"https:\/\/api.w.org\/{rel}","templated":true}]}}